{"id":6643,"date":"2022-07-13T09:50:32","date_gmt":"2022-07-13T12:50:32","guid":{"rendered":"http:\/\/www.santaritadopassaquatro.sp.gov.br\/portal\/?p=6643"},"modified":"2022-07-13T09:50:32","modified_gmt":"2022-07-13T12:50:32","slug":"departamento-de-educacao-inicia-processo-de-revitalizacao-do-ensino-infantil","status":"publish","type":"post","link":"https:\/\/www.santaritadopassaquatro.sp.gov.br\/portal\/departamento-de-educacao-inicia-processo-de-revitalizacao-do-ensino-infantil\/","title":{"rendered":"DEPARTAMENTO DE EDUCA\u00c7\u00c3O INICIA PROCESSO DE REVITALIZA\u00c7\u00c3O DO ENSINO INFANTIL"},"content":{"rendered":"<p>Visando apoiar o trabalho de nossos professores e profissionais das unidades do Ensino Infantil, a Prefeitura Municipal de Santa Rita do Passa Quatro, atrav\u00e9s do Departamento Municipal de Educa\u00e7\u00e3o, forneceu equipamentos de tecnologia: computador e notebook, rede de internet e mobili\u00e1rio para as unidades, com o intuito de promover um ensino de excel\u00eancia para nossas crian\u00e7as.<\/p>\n<p>A proposta da Administra\u00e7\u00e3o Municipal \u00e9 reequipar as escolas, trocando m\u00f3veis antigos por mobili\u00e1rio mais moderno, material pedag\u00f3gico e tecnologia para um ensino de maior qualidade. Um dos objetivos na \u00e1rea da educa\u00e7\u00e3o \u00e9 atender com melhor infraestrutura, com equipamentos p\u00fablicos de qualidade tanto para os profissionais, quanto para os alunos.<\/p>\n<p>Em breve, a gest\u00e3o far\u00e1 novas aquisi\u00e7\u00f5es para toda Rede Municipal de Ensino.<\/p>\n<p><img decoding=\"async\" class=\"aligncenter size-full wp-image-6650\" src=\"http:\/\/www.santaritadopassaquatro.sp.gov.br\/portal\/wp-content\/uploads\/2022\/07\/WhatsApp-Image-2022-07-12-at-16.17.13-2.jpeg\" alt=\"\" width=\"1600\" height=\"1199\" \/> <img decoding=\"async\" class=\"aligncenter size-large wp-image-6649\" src=\"http:\/\/www.santaritadopassaquatro.sp.gov.br\/portal\/wp-content\/uploads\/2022\/07\/WhatsApp-Image-2022-07-12-at-16.17.13-1.jpeg\" alt=\"\" width=\"800\" height=\"600\" \/> <img decoding=\"async\" class=\"aligncenter size-large wp-image-6648\" src=\"http:\/\/www.santaritadopassaquatro.sp.gov.br\/portal\/wp-content\/uploads\/2022\/07\/WhatsApp-Image-2022-07-12-at-16.17.12.jpeg\" alt=\"\" width=\"768\" height=\"1024\" \/> <img decoding=\"async\" class=\"aligncenter size-large wp-image-6647\" src=\"http:\/\/www.santaritadopassaquatro.sp.gov.br\/portal\/wp-content\/uploads\/2022\/07\/WhatsApp-Image-2022-07-12-at-16.17.12-3.jpeg\" alt=\"\" width=\"800\" height=\"600\" \/> <img decoding=\"async\" class=\"aligncenter size-large wp-image-6646\" src=\"http:\/\/www.santaritadopassaquatro.sp.gov.br\/portal\/wp-content\/uploads\/2022\/07\/WhatsApp-Image-2022-07-12-at-16.17.12-2.jpeg\" alt=\"\" width=\"800\" height=\"600\" \/> <img decoding=\"async\" class=\"aligncenter size-full wp-image-6645\" src=\"http:\/\/www.santaritadopassaquatro.sp.gov.br\/portal\/wp-content\/uploads\/2022\/07\/WhatsApp-Image-2022-07-12-at-16.17.11.jpeg\" alt=\"\" width=\"1600\" height=\"1197\" \/><\/p>\n","protected":false},"excerpt":{"rendered":"<p>Visando apoiar o trabalho de nossos professores e profissionais das unidades do Ensino Infantil, a Prefeitura Municipal de Santa Rita<\/p>\n","protected":false},"author":1,"featured_media":6644,"comment_status":"closed","ping_status":"open","sticky":false,"template":"","format":"standard","meta":{"footnotes":""},"categories":[28],"tags":[],"class_list":["post-6643","post","type-post","status-publish","format-standard","has-post-thumbnail","hentry","category-educacao"],"_links":{"self":[{"href":"https:\/\/www.santaritadopassaquatro.sp.gov.br\/portal\/wp-json\/wp\/v2\/posts\/6643","targetHints":{"allow":["GET"]}}],"collection":[{"href":"https:\/\/www.santaritadopassaquatro.sp.gov.br\/portal\/wp-json\/wp\/v2\/posts"}],"about":[{"href":"https:\/\/www.santaritadopassaquatro.sp.gov.br\/portal\/wp-json\/wp\/v2\/types\/post"}],"author":[{"embeddable":true,"href":"https:\/\/www.santaritadopassaquatro.sp.gov.br\/portal\/wp-json\/wp\/v2\/users\/1"}],"replies":[{"embeddable":true,"href":"https:\/\/www.santaritadopassaquatro.sp.gov.br\/portal\/wp-json\/wp\/v2\/comments?post=6643"}],"version-history":[{"count":1,"href":"https:\/\/www.santaritadopassaquatro.sp.gov.br\/portal\/wp-json\/wp\/v2\/posts\/6643\/revisions"}],"predecessor-version":[{"id":6652,"href":"https:\/\/www.santaritadopassaquatro.sp.gov.br\/portal\/wp-json\/wp\/v2\/posts\/6643\/revisions\/6652"}],"wp:featuredmedia":[{"embeddable":true,"href":"https:\/\/www.santaritadopassaquatro.sp.gov.br\/portal\/wp-json\/wp\/v2\/media\/6644"}],"wp:attachment":[{"href":"https:\/\/www.santaritadopassaquatro.sp.gov.br\/portal\/wp-json\/wp\/v2\/media?parent=6643"}],"wp:term":[{"taxonomy":"category","embeddable":true,"href":"https:\/\/www.santaritadopassaquatro.sp.gov.br\/portal\/wp-json\/wp\/v2\/categories?post=6643"},{"taxonomy":"post_tag","embeddable":true,"href":"https:\/\/www.santaritadopassaquatro.sp.gov.br\/portal\/wp-json\/wp\/v2\/tags?post=6643"}],"curies":[{"name":"wp","href":"https:\/\/api.w.org\/{rel}","templated":true}]}}