{"id":6672,"date":"2022-07-16T09:36:31","date_gmt":"2022-07-16T12:36:31","guid":{"rendered":"http:\/\/www.santaritadopassaquatro.sp.gov.br\/portal\/?p=6672"},"modified":"2022-07-16T09:36:31","modified_gmt":"2022-07-16T12:36:31","slug":"caminhos-do-trem-estacao-santa-rita-do-passa-quatro-ser-fazer-reconhecer","status":"publish","type":"post","link":"https:\/\/www.santaritadopassaquatro.sp.gov.br\/portal\/caminhos-do-trem-estacao-santa-rita-do-passa-quatro-ser-fazer-reconhecer\/","title":{"rendered":"CAMINHOS DO TREM &#8211; Esta\u00e7\u00e3o Santa Rita do Passa Quatro \u2013 Ser. Fazer. Reconhecer."},"content":{"rendered":"<p>No dia 27 de julho as 19:30 na Pra\u00e7a Poeta Mario Mattoso, acontecer\u00e1 a exibi\u00e7\u00e3o in\u00e9dita do document\u00e1rio \u201cEsta\u00e7\u00e3o Santa Rita do Passa Quatro \u2013 Ser. Fazer. Reconhecer.\u201d, realizado pelo Turismo Social Sesc Ribeir\u00e3o Preto em parceria com o Departamento de Cultura da prefeitura Municipal de Santa Rita do Passa Quatro.<\/p>\n<p>Este v\u00eddeo faz parte do projeto Caminhos do Trem, composto de 4 v\u00eddeos de aproximadamente 20 minutos cada, que contemplam as cidades de Ribeir\u00e3o Preto, S\u00e3o Sim\u00e3o, Brodowski e Santa Rita do Passa Quatro.<\/p>\n<p>As hist\u00f3rias s\u00e3o ambientadas nas esta\u00e7\u00f5es ferrovi\u00e1rias da regi\u00e3o de Ribeir\u00e3o Preto, adaptadas e contadas por atores locais, visando dar amplitude as narrativas que se originam de grupos que foram invisibilizados ao longo da hist\u00f3ria.<\/p>\n<p>Santa Rita do Passa Quatro por ter sido a cidade escolhida para o encerramento deste projeto, ser\u00e1 contemplada tamb\u00e9m com a apresenta\u00e7\u00e3o musical dos conceituados artistas Fernanda Marx e Alexandre Perez que acontecer\u00e1 nesta mesma noite.<\/p>\n<p>A Esta\u00e7\u00e3o de Santa Rita do Passa Quatro foi constru\u00edda entre os anos 1880 e 1890. No entanto, ela estava ligada \u00e0 malha ferrovi\u00e1ria da Cia Paulista de Estradas de Ferro, e n\u00e3o da Cia. Mogiana. Nesse per\u00edodo, havia v\u00e1rias companhias que concorriam por um mercado muito promissor: o mercado de transporte por trilhos. Bem preservada, a esta\u00e7\u00e3o segue os moldes do estilo ingl\u00eas, onde muitos dos materiais que foram aplicados pela Cia Paulista de Estradas de Ferro (tijolos, esquadrias, ferro, adornos de acabamento) foram importados da Europa. Operou com trens at\u00e9 a d\u00e9cada de 1960. Depois de desativada e abandonada por anos, passou por processo de restauro e tombamento pelo Condephaat em 1981 e hoje abriga o Museu Hist\u00f3rico e Pedag\u00f3gico Zequinha de Abreu.<\/p>\n<p>Dia: 27 de julho de 2022<br \/>\nHor\u00e1rio: 19:30<br \/>\nLocal: Pra\u00e7a Poeta M\u00e1rio Mattoso ( Esta\u00e7\u00e3o)<br \/>\nPrograma\u00e7\u00e3o<br \/>\nApresenta\u00e7\u00e3o Musical com Fernanda Marx e Alexandre Perez<br \/>\nV\u00eddeo 1 \u2013 Ribeir\u00e3o Preto (4 hist\u00f3rias: \u201cEsta\u00e7\u00e3o Barrac\u00e3o\u201d, \u201cNot\u00edcia de jornal\u201d, \u201cO Ribeir\u00e3o Preto\u201d e \u201cBaile das Cozinheiras\u201d)<br \/>\nV\u00eddeo 2 \u2013 Brodowski<br \/>\nV\u00eddeo 3 \u2013 S\u00e3o Sim\u00e3o<br \/>\nV\u00eddeo 4 \u2013 Santa Rita do Passa Quatro<br \/>\nFicha T\u00e9cnica<br \/>\nBaseado Na Obra (Re) Viv\u00eancias Negras: Entre Batuques, Bailados E Devo\u00e7\u00e3o \u2013 Pr\u00e1ticas Culturais E Territ\u00f3rios Negros no Interior Paulista (1910 -1950), do professor e historiador S\u00e9rgio Luiz De Souza<br \/>\nPrograma\u00e7\u00e3o respons\u00e1vel do Turismo Social Sesc Ribeir\u00e3o Preto<br \/>\nVitor Hugo Vieira<\/p>\n<div style=\"width: 800px;\" class=\"wp-video\"><video class=\"wp-video-shortcode\" id=\"video-6672-1\" width=\"800\" height=\"450\" preload=\"metadata\" controls=\"controls\"><source type=\"video\/mp4\" src=\"http:\/\/www.santaritadopassaquatro.sp.gov.br\/portal\/wp-content\/uploads\/2022\/07\/Santa-Rita_1.mp4?_=1\" \/><a href=\"http:\/\/www.santaritadopassaquatro.sp.gov.br\/portal\/wp-content\/uploads\/2022\/07\/Santa-Rita_1.mp4\">http:\/\/www.santaritadopassaquatro.sp.gov.br\/portal\/wp-content\/uploads\/2022\/07\/Santa-Rita_1.mp4<\/a><\/video><\/div>\n","protected":false},"excerpt":{"rendered":"<p>No dia 27 de julho as 19:30 na Pra\u00e7a Poeta Mario Mattoso, acontecer\u00e1 a exibi\u00e7\u00e3o in\u00e9dita do document\u00e1rio \u201cEsta\u00e7\u00e3o Santa<\/p>\n","protected":false},"author":1,"featured_media":0,"comment_status":"closed","ping_status":"open","sticky":false,"template":"","format":"standard","meta":{"footnotes":""},"categories":[46,52,60],"tags":[],"class_list":["post-6672","post","type-post","status-publish","format-standard","hentry","category-cultura","category-latest","category-turismo"],"_links":{"self":[{"href":"https:\/\/www.santaritadopassaquatro.sp.gov.br\/portal\/wp-json\/wp\/v2\/posts\/6672","targetHints":{"allow":["GET"]}}],"collection":[{"href":"https:\/\/www.santaritadopassaquatro.sp.gov.br\/portal\/wp-json\/wp\/v2\/posts"}],"about":[{"href":"https:\/\/www.santaritadopassaquatro.sp.gov.br\/portal\/wp-json\/wp\/v2\/types\/post"}],"author":[{"embeddable":true,"href":"https:\/\/www.santaritadopassaquatro.sp.gov.br\/portal\/wp-json\/wp\/v2\/users\/1"}],"replies":[{"embeddable":true,"href":"https:\/\/www.santaritadopassaquatro.sp.gov.br\/portal\/wp-json\/wp\/v2\/comments?post=6672"}],"version-history":[{"count":1,"href":"https:\/\/www.santaritadopassaquatro.sp.gov.br\/portal\/wp-json\/wp\/v2\/posts\/6672\/revisions"}],"predecessor-version":[{"id":6674,"href":"https:\/\/www.santaritadopassaquatro.sp.gov.br\/portal\/wp-json\/wp\/v2\/posts\/6672\/revisions\/6674"}],"wp:attachment":[{"href":"https:\/\/www.santaritadopassaquatro.sp.gov.br\/portal\/wp-json\/wp\/v2\/media?parent=6672"}],"wp:term":[{"taxonomy":"category","embeddable":true,"href":"https:\/\/www.santaritadopassaquatro.sp.gov.br\/portal\/wp-json\/wp\/v2\/categories?post=6672"},{"taxonomy":"post_tag","embeddable":true,"href":"https:\/\/www.santaritadopassaquatro.sp.gov.br\/portal\/wp-json\/wp\/v2\/tags?post=6672"}],"curies":[{"name":"wp","href":"https:\/\/api.w.org\/{rel}","templated":true}]}}