{"id":6678,"date":"2022-07-18T13:32:08","date_gmt":"2022-07-18T16:32:08","guid":{"rendered":"http:\/\/www.santaritadopassaquatro.sp.gov.br\/portal\/?p=6678"},"modified":"2022-07-21T16:37:40","modified_gmt":"2022-07-21T19:37:40","slug":"fundo-social-abre-inscricao-para-curso-de-mecanico","status":"publish","type":"post","link":"https:\/\/www.santaritadopassaquatro.sp.gov.br\/portal\/fundo-social-abre-inscricao-para-curso-de-mecanico\/","title":{"rendered":"FUNDO SOCIAL ABRE INSCRI\u00c7\u00c3O PARA CURSO DE MEC\u00c2NICO"},"content":{"rendered":"<p>A partir do dia 21 de julho, o Fundo Social de Solidariedade abre inscri\u00e7\u00e3o para o Curso de Mec\u00e2nico de suspens\u00e3o, dire\u00e7\u00e3o e freios de ve\u00edculos leves.<\/p>\n<p>Ser\u00e3o aulas pr\u00e1ticas no SENAI de S\u00e3o Carlos, de segunda, quarta e sexta-feira, das 19h00 \u00e0s 22h00, com in\u00edcio no dia 1 de agosto, com previs\u00e3o de t\u00e9rmino para o dia 15 de dezembro de 2022.<\/p>\n<p>Para se inscrever, v\u00e1 ao Fundo Social de Solidariedade, na Rua Visconde de Rio Branco, 1135, munido de c\u00f3pia do RG, CPF e hist\u00f3rico escolar. Aten\u00e7\u00e3o, para fazer o curso \u00e9 necess\u00e1rio ter completado o n\u00edvel fundamental e ter idade acima de 16 anos.<\/p>\n","protected":false},"excerpt":{"rendered":"<p>A partir do dia 21 de julho, o Fundo Social de Solidariedade abre inscri\u00e7\u00e3o para o Curso de Mec\u00e2nico de<\/p>\n","protected":false},"author":1,"featured_media":6679,"comment_status":"closed","ping_status":"open","sticky":false,"template":"","format":"standard","meta":{"footnotes":""},"categories":[48,62,56],"tags":[],"class_list":["post-6678","post","type-post","status-publish","format-standard","has-post-thumbnail","hentry","category-featured","category-fundo-social","category-oportunidade"],"_links":{"self":[{"href":"https:\/\/www.santaritadopassaquatro.sp.gov.br\/portal\/wp-json\/wp\/v2\/posts\/6678","targetHints":{"allow":["GET"]}}],"collection":[{"href":"https:\/\/www.santaritadopassaquatro.sp.gov.br\/portal\/wp-json\/wp\/v2\/posts"}],"about":[{"href":"https:\/\/www.santaritadopassaquatro.sp.gov.br\/portal\/wp-json\/wp\/v2\/types\/post"}],"author":[{"embeddable":true,"href":"https:\/\/www.santaritadopassaquatro.sp.gov.br\/portal\/wp-json\/wp\/v2\/users\/1"}],"replies":[{"embeddable":true,"href":"https:\/\/www.santaritadopassaquatro.sp.gov.br\/portal\/wp-json\/wp\/v2\/comments?post=6678"}],"version-history":[{"count":1,"href":"https:\/\/www.santaritadopassaquatro.sp.gov.br\/portal\/wp-json\/wp\/v2\/posts\/6678\/revisions"}],"predecessor-version":[{"id":6680,"href":"https:\/\/www.santaritadopassaquatro.sp.gov.br\/portal\/wp-json\/wp\/v2\/posts\/6678\/revisions\/6680"}],"wp:featuredmedia":[{"embeddable":true,"href":"https:\/\/www.santaritadopassaquatro.sp.gov.br\/portal\/wp-json\/wp\/v2\/media\/6679"}],"wp:attachment":[{"href":"https:\/\/www.santaritadopassaquatro.sp.gov.br\/portal\/wp-json\/wp\/v2\/media?parent=6678"}],"wp:term":[{"taxonomy":"category","embeddable":true,"href":"https:\/\/www.santaritadopassaquatro.sp.gov.br\/portal\/wp-json\/wp\/v2\/categories?post=6678"},{"taxonomy":"post_tag","embeddable":true,"href":"https:\/\/www.santaritadopassaquatro.sp.gov.br\/portal\/wp-json\/wp\/v2\/tags?post=6678"}],"curies":[{"name":"wp","href":"https:\/\/api.w.org\/{rel}","templated":true}]}}