{"id":6681,"date":"2022-07-19T15:15:16","date_gmt":"2022-07-19T18:15:16","guid":{"rendered":"http:\/\/www.santaritadopassaquatro.sp.gov.br\/portal\/?p=6681"},"modified":"2022-07-19T15:15:16","modified_gmt":"2022-07-19T18:15:16","slug":"a-infancia-e-a-camada-fertil-da-vida","status":"publish","type":"post","link":"https:\/\/www.santaritadopassaquatro.sp.gov.br\/portal\/a-infancia-e-a-camada-fertil-da-vida\/","title":{"rendered":"\u201cA INF\u00c2NCIA \u00c9 A CAMADA F\u00c9RTIL DA VIDA\u201d"},"content":{"rendered":"<p>A Prefeitura Municipal de Santa Rita do Passa Quatro, atrav\u00e9s do Departamento de Educa\u00e7\u00e3o, busca a forma\u00e7\u00e3o integral de nossas crian\u00e7as. Para isso, vem desenvolvendo atividades em formas de brincadeiras durante o recesso escolar.<\/p>\n<p>\u00c9 um trabalho de grande excel\u00eancia, realizado nas creches municipais por profissionais dedicadas e qualificadas, que devem ser parabenizadas por tanto carinho e zelo por aqueles que s\u00e3o a garantia de um mundo melhor.<\/p>\n<p>Veja o v\u00eddeo no link abaixo<\/p>\n<p><a href=\"https:\/\/drive.google.com\/file\/d\/1J8Bia7SRrNfwqRb7gL_LEK7Lx-jAUrQa\/view?usp=sharing\" target=\"_blank\" rel=\"noopener\">https:\/\/drive.google.com\/file\/d\/1J8Bia7SRrNfwqRb7gL_LEK7Lx-jAUrQa\/view?usp=sharing<\/a><\/p>\n","protected":false},"excerpt":{"rendered":"<p>A Prefeitura Municipal de Santa Rita do Passa Quatro, atrav\u00e9s do Departamento de Educa\u00e7\u00e3o, busca a forma\u00e7\u00e3o integral de nossas<\/p>\n","protected":false},"author":1,"featured_media":0,"comment_status":"closed","ping_status":"open","sticky":false,"template":"","format":"standard","meta":{"footnotes":""},"categories":[28],"tags":[],"class_list":["post-6681","post","type-post","status-publish","format-standard","hentry","category-educacao"],"_links":{"self":[{"href":"https:\/\/www.santaritadopassaquatro.sp.gov.br\/portal\/wp-json\/wp\/v2\/posts\/6681","targetHints":{"allow":["GET"]}}],"collection":[{"href":"https:\/\/www.santaritadopassaquatro.sp.gov.br\/portal\/wp-json\/wp\/v2\/posts"}],"about":[{"href":"https:\/\/www.santaritadopassaquatro.sp.gov.br\/portal\/wp-json\/wp\/v2\/types\/post"}],"author":[{"embeddable":true,"href":"https:\/\/www.santaritadopassaquatro.sp.gov.br\/portal\/wp-json\/wp\/v2\/users\/1"}],"replies":[{"embeddable":true,"href":"https:\/\/www.santaritadopassaquatro.sp.gov.br\/portal\/wp-json\/wp\/v2\/comments?post=6681"}],"version-history":[{"count":1,"href":"https:\/\/www.santaritadopassaquatro.sp.gov.br\/portal\/wp-json\/wp\/v2\/posts\/6681\/revisions"}],"predecessor-version":[{"id":6682,"href":"https:\/\/www.santaritadopassaquatro.sp.gov.br\/portal\/wp-json\/wp\/v2\/posts\/6681\/revisions\/6682"}],"wp:attachment":[{"href":"https:\/\/www.santaritadopassaquatro.sp.gov.br\/portal\/wp-json\/wp\/v2\/media?parent=6681"}],"wp:term":[{"taxonomy":"category","embeddable":true,"href":"https:\/\/www.santaritadopassaquatro.sp.gov.br\/portal\/wp-json\/wp\/v2\/categories?post=6681"},{"taxonomy":"post_tag","embeddable":true,"href":"https:\/\/www.santaritadopassaquatro.sp.gov.br\/portal\/wp-json\/wp\/v2\/tags?post=6681"}],"curies":[{"name":"wp","href":"https:\/\/api.w.org\/{rel}","templated":true}]}}