{"id":6684,"date":"2022-07-19T17:18:50","date_gmt":"2022-07-19T20:18:50","guid":{"rendered":"http:\/\/www.santaritadopassaquatro.sp.gov.br\/portal\/?p=6684"},"modified":"2022-07-19T17:18:50","modified_gmt":"2022-07-19T20:18:50","slug":"prefeito-vice-e-diretores-realizam-visita-tecnica-na-usina-santa-rita","status":"publish","type":"post","link":"https:\/\/www.santaritadopassaquatro.sp.gov.br\/portal\/prefeito-vice-e-diretores-realizam-visita-tecnica-na-usina-santa-rita\/","title":{"rendered":"PREFEITO, VICE E DIRETORES REALIZAM VISITA T\u00c9CNICA NA USINA SANTA RITA"},"content":{"rendered":"<p>No \u00faltimo dia 14 de julho, o Prefeito Marcelo Sim\u00e3o, acompanhado do Vice-Prefeito Professor M\u00e1rcio e diretores da Prefeitura Municipal, realizou uma visita t\u00e9cnica \u00e0 Usina Santa Rita, onde puderam conhecer os novos projetos e conhecerem os processos da mat\u00e9ria prima. A visita foi acompanhada pelo superintendente F\u00e1bio Pessoa Pacheco, da coordenadora de administra\u00e7\u00e3o pessoal Silva Baptistella e do coordenador de seguran\u00e7a, sa\u00fade e meio ambiente Edevando da Silva Filho.<\/p>\n<p>A Usina Santa Rita tem realizado diversas parcerias com a prefeitura e essa visita sinaliza mais projetos em conjunto e realiza\u00e7\u00f5es que trar\u00e3o aos santa-ritenses mais benef\u00edcios.<\/p>\n<div style=\"width: 640px;\" class=\"wp-video\"><video class=\"wp-video-shortcode\" id=\"video-6684-1\" width=\"640\" height=\"480\" preload=\"metadata\" controls=\"controls\"><source type=\"video\/mp4\" src=\"http:\/\/www.santaritadopassaquatro.sp.gov.br\/portal\/wp-content\/uploads\/2022\/07\/WhatsApp-Video-2022-07-19-at-09.15.44.mp4?_=1\" \/><a href=\"http:\/\/www.santaritadopassaquatro.sp.gov.br\/portal\/wp-content\/uploads\/2022\/07\/WhatsApp-Video-2022-07-19-at-09.15.44.mp4\">http:\/\/www.santaritadopassaquatro.sp.gov.br\/portal\/wp-content\/uploads\/2022\/07\/WhatsApp-Video-2022-07-19-at-09.15.44.mp4<\/a><\/video><\/div>\n","protected":false},"excerpt":{"rendered":"<p>No \u00faltimo dia 14 de julho, o Prefeito Marcelo Sim\u00e3o, acompanhado do Vice-Prefeito Professor M\u00e1rcio e diretores da Prefeitura Municipal,<\/p>\n","protected":false},"author":1,"featured_media":0,"comment_status":"closed","ping_status":"open","sticky":false,"template":"","format":"standard","meta":{"footnotes":""},"categories":[52],"tags":[],"class_list":["post-6684","post","type-post","status-publish","format-standard","hentry","category-latest"],"_links":{"self":[{"href":"https:\/\/www.santaritadopassaquatro.sp.gov.br\/portal\/wp-json\/wp\/v2\/posts\/6684","targetHints":{"allow":["GET"]}}],"collection":[{"href":"https:\/\/www.santaritadopassaquatro.sp.gov.br\/portal\/wp-json\/wp\/v2\/posts"}],"about":[{"href":"https:\/\/www.santaritadopassaquatro.sp.gov.br\/portal\/wp-json\/wp\/v2\/types\/post"}],"author":[{"embeddable":true,"href":"https:\/\/www.santaritadopassaquatro.sp.gov.br\/portal\/wp-json\/wp\/v2\/users\/1"}],"replies":[{"embeddable":true,"href":"https:\/\/www.santaritadopassaquatro.sp.gov.br\/portal\/wp-json\/wp\/v2\/comments?post=6684"}],"version-history":[{"count":1,"href":"https:\/\/www.santaritadopassaquatro.sp.gov.br\/portal\/wp-json\/wp\/v2\/posts\/6684\/revisions"}],"predecessor-version":[{"id":6686,"href":"https:\/\/www.santaritadopassaquatro.sp.gov.br\/portal\/wp-json\/wp\/v2\/posts\/6684\/revisions\/6686"}],"wp:attachment":[{"href":"https:\/\/www.santaritadopassaquatro.sp.gov.br\/portal\/wp-json\/wp\/v2\/media?parent=6684"}],"wp:term":[{"taxonomy":"category","embeddable":true,"href":"https:\/\/www.santaritadopassaquatro.sp.gov.br\/portal\/wp-json\/wp\/v2\/categories?post=6684"},{"taxonomy":"post_tag","embeddable":true,"href":"https:\/\/www.santaritadopassaquatro.sp.gov.br\/portal\/wp-json\/wp\/v2\/tags?post=6684"}],"curies":[{"name":"wp","href":"https:\/\/api.w.org\/{rel}","templated":true}]}}