{"id":6687,"date":"2022-07-19T17:21:00","date_gmt":"2022-07-19T20:21:00","guid":{"rendered":"http:\/\/www.santaritadopassaquatro.sp.gov.br\/portal\/?p=6687"},"modified":"2022-07-19T17:21:00","modified_gmt":"2022-07-19T20:21:00","slug":"caminhos-de-resistencia-para-a-afirmacao-da-mulher-negra-e-autonomia-financeira-das-mulheres-negras","status":"publish","type":"post","link":"https:\/\/www.santaritadopassaquatro.sp.gov.br\/portal\/caminhos-de-resistencia-para-a-afirmacao-da-mulher-negra-e-autonomia-financeira-das-mulheres-negras\/","title":{"rendered":"CAMINHOS DE RESIST\u00caNCIA PARA A AFIRMA\u00c7\u00c3O DA MULHER NEGRA e AUTONOMIA FINANCEIRA DAS MULHERES NEGRAS"},"content":{"rendered":"<p>Neste s\u00e1bado(23), acontece o 2\u00b0 Dia do Julho das Pretas com os temas<br \/>\nCAMINHOS DE RESIST\u00caNCIA PARA A AFIRMA\u00c7\u00c3O DA MULHER NEGRA<br \/>\ne AUTONOMIA FINANCEIRA DAS MULHERES NEGRAS<\/p>\n<p>Uma programa\u00e7\u00e3o com apresenta\u00e7\u00f5es art\u00edsticas, rodas de conversas, din\u00e2micas e muito mais!<\/p>\n<p>Local: Caic \u201cLaura Suriani Barbuio\u201d<\/p>\n<p>Obs: Levem seus filhos!<\/p>\n<p>HAVER\u00c1 TRANSPORTE!<br \/>\nSaindo \u00e0s 14h30 da pra\u00e7a do Jardim Planalto, passando pela Vila Jo\u00e3o L\u00e1zaro, retorno previsto para \u00e0s 18h00.<\/p>\n<p>Nos vemos l\u00e1!<\/p>\n<p>Informa\u00e7\u00f5es pelo telefone: 3584-7018<\/p>\n","protected":false},"excerpt":{"rendered":"<p>Neste s\u00e1bado(23), acontece o 2\u00b0 Dia do Julho das Pretas com os temas CAMINHOS DE RESIST\u00caNCIA PARA A AFIRMA\u00c7\u00c3O DA<\/p>\n","protected":false},"author":1,"featured_media":6688,"comment_status":"closed","ping_status":"open","sticky":false,"template":"","format":"standard","meta":{"footnotes":""},"categories":[46,48],"tags":[],"class_list":["post-6687","post","type-post","status-publish","format-standard","has-post-thumbnail","hentry","category-cultura","category-featured"],"_links":{"self":[{"href":"https:\/\/www.santaritadopassaquatro.sp.gov.br\/portal\/wp-json\/wp\/v2\/posts\/6687","targetHints":{"allow":["GET"]}}],"collection":[{"href":"https:\/\/www.santaritadopassaquatro.sp.gov.br\/portal\/wp-json\/wp\/v2\/posts"}],"about":[{"href":"https:\/\/www.santaritadopassaquatro.sp.gov.br\/portal\/wp-json\/wp\/v2\/types\/post"}],"author":[{"embeddable":true,"href":"https:\/\/www.santaritadopassaquatro.sp.gov.br\/portal\/wp-json\/wp\/v2\/users\/1"}],"replies":[{"embeddable":true,"href":"https:\/\/www.santaritadopassaquatro.sp.gov.br\/portal\/wp-json\/wp\/v2\/comments?post=6687"}],"version-history":[{"count":1,"href":"https:\/\/www.santaritadopassaquatro.sp.gov.br\/portal\/wp-json\/wp\/v2\/posts\/6687\/revisions"}],"predecessor-version":[{"id":6689,"href":"https:\/\/www.santaritadopassaquatro.sp.gov.br\/portal\/wp-json\/wp\/v2\/posts\/6687\/revisions\/6689"}],"wp:featuredmedia":[{"embeddable":true,"href":"https:\/\/www.santaritadopassaquatro.sp.gov.br\/portal\/wp-json\/wp\/v2\/media\/6688"}],"wp:attachment":[{"href":"https:\/\/www.santaritadopassaquatro.sp.gov.br\/portal\/wp-json\/wp\/v2\/media?parent=6687"}],"wp:term":[{"taxonomy":"category","embeddable":true,"href":"https:\/\/www.santaritadopassaquatro.sp.gov.br\/portal\/wp-json\/wp\/v2\/categories?post=6687"},{"taxonomy":"post_tag","embeddable":true,"href":"https:\/\/www.santaritadopassaquatro.sp.gov.br\/portal\/wp-json\/wp\/v2\/tags?post=6687"}],"curies":[{"name":"wp","href":"https:\/\/api.w.org\/{rel}","templated":true}]}}