{"id":6690,"date":"2022-07-19T17:23:14","date_gmt":"2022-07-19T20:23:14","guid":{"rendered":"http:\/\/www.santaritadopassaquatro.sp.gov.br\/portal\/?p=6690"},"modified":"2022-07-19T17:23:14","modified_gmt":"2022-07-19T20:23:14","slug":"vem-ai-a-virada-cultural-sp","status":"publish","type":"post","link":"https:\/\/www.santaritadopassaquatro.sp.gov.br\/portal\/vem-ai-a-virada-cultural-sp\/","title":{"rendered":"VEM A\u00cd A VIRADA CULTURAL \u2013 SP"},"content":{"rendered":"<p>SAVE THE DATE: 27 e 28 de AGOSTO!!!!!!!<\/p>\n<p>A Virada Cultural &#8211; SP de Santa Rita do Passa Quatro j\u00e1 tem data confirmada e acontecer\u00e1 do dia 27 para o dia 28 de Agosto.<\/p>\n<p>Em breve ser\u00e1 anunciada toda programa\u00e7\u00e3o com seus locais de apresenta\u00e7\u00e3o.<\/p>\n<p>A Virada Cultural &#8211; SP \u00e9 uma maratona cultural de 24 horas realizada na virada de um dia para o outro, com apresenta\u00e7\u00f5es de linguagens variadas, executadas por artistas e grupos de relev\u00e2ncia no cen\u00e1rio cultural local, regional e nacional a ser realizada no segundo semestre.<\/p>\n<p>A prefeitura Municipal de Santa Rita do Passa Quatro atrav\u00e9s de projeto elaborado pelo departamento de Cultura e Turismo, conquistou no m\u00eas de maio de 2022, para o munic\u00edpio, a realiza\u00e7\u00e3o da VIRADA CULTURAL \u2013 SP e o t\u00edtulo de CAPITAL CULTURAL DO ESTADO DE S\u00c3O PAULO por meio de edital na Chamada P\u00fablica 01\/2022 para Munic\u00edpios do Programa Juntos pela Cultura da Secretaria de Cultura e Economia Criativa do Governo do Estado de S\u00e3o Paulo, realizado pela Associa\u00e7\u00e3o Paulista dos Amigos da Arte. As inscri\u00e7\u00f5es foram abertas aos 645 munic\u00edpios do Estado de S\u00e3o Paulo, onde apenas 22 cidades foram selecionadas.<\/p>\n<p>Cada munic\u00edpio selecionado foi automaticamente reconhecido como Capital Cultural integrando a Rede de Capitais Culturais do Estado de S\u00e3o Paulo. Esses munic\u00edpios ser\u00e3o apoiados com a dire\u00e7\u00e3o, concep\u00e7\u00e3o e programa\u00e7\u00e3o das a\u00e7\u00f5es e atividades culturais, sendo de responsabilidade da equipe dos Amigos da Arte toda curadoria do evento.<br \/>\nConhe\u00e7am os munic\u00edpios selecionados e suplentes em ordem alfabe\u0301tica<br \/>\nSelecionados<br \/>\nAdamantina<br \/>\nBertioga<br \/>\nBotucatu<br \/>\nCampinas<br \/>\nIguape<br \/>\nIlha Solteira<br \/>\nIndaiatuba<br \/>\nItanhae\u0301m<br \/>\nItapevi<br \/>\nMairipora\u0303<br \/>\nParaibuna<br \/>\nPresidente Prudente<br \/>\nRegistro<br \/>\nSanta Ba\u0301rbara d\u2019Oeste<br \/>\nSanta Fe\u0301 do Sul<br \/>\nSANTA RITA DO PASSA QUATRO<br \/>\nSanto Anto\u0302nio do Pinhal<br \/>\nSantos<br \/>\nSa\u0303o Jose\u0301 dos Campos<br \/>\nSa\u0303o Sebastia\u0303o<br \/>\nUbarana<br \/>\nVotuporanga<\/p>\n<p>Suplentes<br \/>\nArac\u0327atuba<br \/>\nBarueri<br \/>\nBauru<br \/>\nCaieiras<br \/>\nCaraguatatuba<br \/>\nDiadema<br \/>\nGuarulhos<br \/>\nJundiai\u0301<br \/>\nPiracicaba<br \/>\nPraia Grande<br \/>\nSa\u0303o Joa\u0303o da Boa Vista<br \/>\nSerrana<\/p>\n<div style=\"width: 800px;\" class=\"wp-video\"><video class=\"wp-video-shortcode\" id=\"video-6690-1\" width=\"800\" height=\"450\" preload=\"metadata\" controls=\"controls\"><source type=\"video\/mp4\" src=\"http:\/\/www.santaritadopassaquatro.sp.gov.br\/portal\/wp-content\/uploads\/2022\/07\/virada.mp4?_=1\" \/><a href=\"http:\/\/www.santaritadopassaquatro.sp.gov.br\/portal\/wp-content\/uploads\/2022\/07\/virada.mp4\">http:\/\/www.santaritadopassaquatro.sp.gov.br\/portal\/wp-content\/uploads\/2022\/07\/virada.mp4<\/a><\/video><\/div>\n","protected":false},"excerpt":{"rendered":"<p>SAVE THE DATE: 27 e 28 de AGOSTO!!!!!!! A Virada Cultural &#8211; SP de Santa Rita do Passa Quatro j\u00e1<\/p>\n","protected":false},"author":1,"featured_media":0,"comment_status":"closed","ping_status":"open","sticky":false,"template":"","format":"standard","meta":{"footnotes":""},"categories":[46,52],"tags":[],"class_list":["post-6690","post","type-post","status-publish","format-standard","hentry","category-cultura","category-latest"],"_links":{"self":[{"href":"https:\/\/www.santaritadopassaquatro.sp.gov.br\/portal\/wp-json\/wp\/v2\/posts\/6690","targetHints":{"allow":["GET"]}}],"collection":[{"href":"https:\/\/www.santaritadopassaquatro.sp.gov.br\/portal\/wp-json\/wp\/v2\/posts"}],"about":[{"href":"https:\/\/www.santaritadopassaquatro.sp.gov.br\/portal\/wp-json\/wp\/v2\/types\/post"}],"author":[{"embeddable":true,"href":"https:\/\/www.santaritadopassaquatro.sp.gov.br\/portal\/wp-json\/wp\/v2\/users\/1"}],"replies":[{"embeddable":true,"href":"https:\/\/www.santaritadopassaquatro.sp.gov.br\/portal\/wp-json\/wp\/v2\/comments?post=6690"}],"version-history":[{"count":1,"href":"https:\/\/www.santaritadopassaquatro.sp.gov.br\/portal\/wp-json\/wp\/v2\/posts\/6690\/revisions"}],"predecessor-version":[{"id":6692,"href":"https:\/\/www.santaritadopassaquatro.sp.gov.br\/portal\/wp-json\/wp\/v2\/posts\/6690\/revisions\/6692"}],"wp:attachment":[{"href":"https:\/\/www.santaritadopassaquatro.sp.gov.br\/portal\/wp-json\/wp\/v2\/media?parent=6690"}],"wp:term":[{"taxonomy":"category","embeddable":true,"href":"https:\/\/www.santaritadopassaquatro.sp.gov.br\/portal\/wp-json\/wp\/v2\/categories?post=6690"},{"taxonomy":"post_tag","embeddable":true,"href":"https:\/\/www.santaritadopassaquatro.sp.gov.br\/portal\/wp-json\/wp\/v2\/tags?post=6690"}],"curies":[{"name":"wp","href":"https:\/\/api.w.org\/{rel}","templated":true}]}}