{"id":6693,"date":"2022-07-19T17:23:54","date_gmt":"2022-07-19T20:23:54","guid":{"rendered":"http:\/\/www.santaritadopassaquatro.sp.gov.br\/portal\/?p=6693"},"modified":"2022-07-19T17:23:54","modified_gmt":"2022-07-19T20:23:54","slug":"seja-um-empreendedor","status":"publish","type":"post","link":"https:\/\/www.santaritadopassaquatro.sp.gov.br\/portal\/seja-um-empreendedor\/","title":{"rendered":"SEJA UM EMPREENDEDOR"},"content":{"rendered":"<p>Por que empreender? As rela\u00e7\u00f5es de trabalho mudaram. Aspectos legais, como a reforma trabalhista e a lei das terceiriza\u00e7\u00f5es, aliados ao aumento da import\u00e2ncia da inova\u00e7\u00e3o, fazem com que empreender seja, cada vez mais, quest\u00e3o de sobreviv\u00eancia para todos. A tend\u00eancia \u00e9 que o emprego do futuro seja criado pelo pr\u00f3prio trabalhador: sua renda s\u00f3 estar\u00e1 garantida na medida em que ele se tornar o patr\u00e3o de si mesmo. Tecnologias disruptivas e tecnologias exponenciais, por sua vez, extinguem profiss\u00f5es antigas e criam novas, numa din\u00e2mica que s\u00f3 pode ser acompanhada atrav\u00e9s do empreendedorismo.<\/p>\n<p>A Prefeitura Municipal de Santa Rita do Passa Quatro tem uma parceria com o Programa Cons\u00f3rcio Empreendedor, que te d\u00e1 toda a consultoria para abertura de abertura de empresa. Visita a nossa Sala do Empreendedor, na Avenida Severino Meirelles, 1230 \u2013 Centro.<\/p>\n","protected":false},"excerpt":{"rendered":"<p>Por que empreender? As rela\u00e7\u00f5es de trabalho mudaram. Aspectos legais, como a reforma trabalhista e a lei das terceiriza\u00e7\u00f5es, aliados<\/p>\n","protected":false},"author":1,"featured_media":0,"comment_status":"closed","ping_status":"open","sticky":false,"template":"","format":"standard","meta":{"footnotes":""},"categories":[47],"tags":[],"class_list":["post-6693","post","type-post","status-publish","format-standard","hentry","category-desenvovimento"],"_links":{"self":[{"href":"https:\/\/www.santaritadopassaquatro.sp.gov.br\/portal\/wp-json\/wp\/v2\/posts\/6693","targetHints":{"allow":["GET"]}}],"collection":[{"href":"https:\/\/www.santaritadopassaquatro.sp.gov.br\/portal\/wp-json\/wp\/v2\/posts"}],"about":[{"href":"https:\/\/www.santaritadopassaquatro.sp.gov.br\/portal\/wp-json\/wp\/v2\/types\/post"}],"author":[{"embeddable":true,"href":"https:\/\/www.santaritadopassaquatro.sp.gov.br\/portal\/wp-json\/wp\/v2\/users\/1"}],"replies":[{"embeddable":true,"href":"https:\/\/www.santaritadopassaquatro.sp.gov.br\/portal\/wp-json\/wp\/v2\/comments?post=6693"}],"version-history":[{"count":1,"href":"https:\/\/www.santaritadopassaquatro.sp.gov.br\/portal\/wp-json\/wp\/v2\/posts\/6693\/revisions"}],"predecessor-version":[{"id":6694,"href":"https:\/\/www.santaritadopassaquatro.sp.gov.br\/portal\/wp-json\/wp\/v2\/posts\/6693\/revisions\/6694"}],"wp:attachment":[{"href":"https:\/\/www.santaritadopassaquatro.sp.gov.br\/portal\/wp-json\/wp\/v2\/media?parent=6693"}],"wp:term":[{"taxonomy":"category","embeddable":true,"href":"https:\/\/www.santaritadopassaquatro.sp.gov.br\/portal\/wp-json\/wp\/v2\/categories?post=6693"},{"taxonomy":"post_tag","embeddable":true,"href":"https:\/\/www.santaritadopassaquatro.sp.gov.br\/portal\/wp-json\/wp\/v2\/tags?post=6693"}],"curies":[{"name":"wp","href":"https:\/\/api.w.org\/{rel}","templated":true}]}}