{"id":6700,"date":"2022-07-19T16:55:48","date_gmt":"2022-07-19T19:55:48","guid":{"rendered":"http:\/\/www.santaritadopassaquatro.sp.gov.br\/portal\/?p=6700"},"modified":"2022-07-21T16:40:52","modified_gmt":"2022-07-21T19:40:52","slug":"cci-promove-dia-da-beleza-masculina","status":"publish","type":"post","link":"https:\/\/www.santaritadopassaquatro.sp.gov.br\/portal\/cci-promove-dia-da-beleza-masculina\/","title":{"rendered":"CCI PROMOVE DIA DA BELEZA MASCULINA"},"content":{"rendered":"<p>Em alus\u00e3o ao &#8220;Dia do Homem&#8221;, comemorado nesta sexta-feira (15), o Centro de Conviv\u00eancia do Idoso promoveu em parceria com a\u00a0 Barbearia do Bigode, o dia da beleza, oferecendo todos os cuidados para os inscritos no programa.<\/p>\n<p>Barba, bigode e cabelo totalmente gratuito, com um delicioso caf\u00e9 da manh\u00e3, al\u00e9m de jogos de truco, dama e xadrez para se divertirem enquanto aguardam a sua vez.<\/p>\n<p>O Programa de Conviv\u00eancia do Idoso tem toda a aten\u00e7\u00e3o do Departamento de Promo\u00e7\u00e3o e Assist\u00eancia Social, atrav\u00e9s da Coordenadora T\u00e1ssia Peixoto, al\u00e9m do apoio irrestrito do Prefeito Marcelo Sim\u00e3o e Professor M\u00e1rcio Reis.<\/p>\n<p>Nossos agradecimentos aos barbeiros Diego Furtado, Kadu Cassiano e Rog\u00e9rio Prearo, que se dispuseram a atend\u00ea-los com tanto carinho e de forma volunt\u00e1ria.<\/p>\n<p><img decoding=\"async\" class=\"aligncenter size-full wp-image-6802\" src=\"http:\/\/www.santaritadopassaquatro.sp.gov.br\/portal\/wp-content\/uploads\/2022\/07\/64a052fb-2a7b-4864-9722-267219a1bdd4.jpg\" alt=\"\" width=\"1280\" height=\"853\" \/><\/p>\n<p>&nbsp;<\/p>\n","protected":false},"excerpt":{"rendered":"<p>Em alus\u00e3o ao &#8220;Dia do Homem&#8221;, comemorado nesta sexta-feira (15), o Centro de Conviv\u00eancia do Idoso promoveu em parceria com<\/p>\n","protected":false},"author":1,"featured_media":6801,"comment_status":"closed","ping_status":"open","sticky":false,"template":"","format":"standard","meta":{"footnotes":""},"categories":[43,52],"tags":[],"class_list":["post-6700","post","type-post","status-publish","format-standard","has-post-thumbnail","hentry","category-assistenciasocial","category-latest"],"_links":{"self":[{"href":"https:\/\/www.santaritadopassaquatro.sp.gov.br\/portal\/wp-json\/wp\/v2\/posts\/6700","targetHints":{"allow":["GET"]}}],"collection":[{"href":"https:\/\/www.santaritadopassaquatro.sp.gov.br\/portal\/wp-json\/wp\/v2\/posts"}],"about":[{"href":"https:\/\/www.santaritadopassaquatro.sp.gov.br\/portal\/wp-json\/wp\/v2\/types\/post"}],"author":[{"embeddable":true,"href":"https:\/\/www.santaritadopassaquatro.sp.gov.br\/portal\/wp-json\/wp\/v2\/users\/1"}],"replies":[{"embeddable":true,"href":"https:\/\/www.santaritadopassaquatro.sp.gov.br\/portal\/wp-json\/wp\/v2\/comments?post=6700"}],"version-history":[{"count":2,"href":"https:\/\/www.santaritadopassaquatro.sp.gov.br\/portal\/wp-json\/wp\/v2\/posts\/6700\/revisions"}],"predecessor-version":[{"id":6803,"href":"https:\/\/www.santaritadopassaquatro.sp.gov.br\/portal\/wp-json\/wp\/v2\/posts\/6700\/revisions\/6803"}],"wp:featuredmedia":[{"embeddable":true,"href":"https:\/\/www.santaritadopassaquatro.sp.gov.br\/portal\/wp-json\/wp\/v2\/media\/6801"}],"wp:attachment":[{"href":"https:\/\/www.santaritadopassaquatro.sp.gov.br\/portal\/wp-json\/wp\/v2\/media?parent=6700"}],"wp:term":[{"taxonomy":"category","embeddable":true,"href":"https:\/\/www.santaritadopassaquatro.sp.gov.br\/portal\/wp-json\/wp\/v2\/categories?post=6700"},{"taxonomy":"post_tag","embeddable":true,"href":"https:\/\/www.santaritadopassaquatro.sp.gov.br\/portal\/wp-json\/wp\/v2\/tags?post=6700"}],"curies":[{"name":"wp","href":"https:\/\/api.w.org\/{rel}","templated":true}]}}