{"id":6705,"date":"2022-01-31T13:59:44","date_gmt":"2022-01-31T16:59:44","guid":{"rendered":"http:\/\/www.santaritadopassaquatro.sp.gov.br\/portal\/?p=6705"},"modified":"2022-07-21T14:00:49","modified_gmt":"2022-07-21T17:00:49","slug":"visita-a-secretaria-da-assistencia-social-de-porto-ferreira","status":"publish","type":"post","link":"https:\/\/www.santaritadopassaquatro.sp.gov.br\/portal\/visita-a-secretaria-da-assistencia-social-de-porto-ferreira\/","title":{"rendered":"Visita \u00e0 Secretaria da Assist\u00eancia Social de Porto Ferreira."},"content":{"rendered":"<p>Na manh\u00e3 de 26 de janeiro, o Departamento de Assist\u00eancia Social e o Fundo Social, realizaram uma visita \u00e0 Secretaria da Assist\u00eancia Social do munic\u00edpio de Porto Ferreira. A primeira Dama de Porto Ferreira, Bianca Pereira Carandina Ripa, acompanhada pela secret\u00e1ria Mileni Arantes, acolheu carinhosamente a equipe de Santa Rita.<br \/>\nA primeira dama de Porto Ferreira discorreu sobre a trajet\u00f3ria da efetiva\u00e7\u00e3o da Pol\u00edtica na Assist\u00eancia Social no munic\u00edpio. Possibilitando um excelente bate-papo sobre as experi\u00eancias das secretarias e a possibilidade de parcerias e projetos intermunicipais.<br \/>\nA equipe de Santa Rita estava composta por: Janete Helen Bornhof &#8211; Presidente do Fundo Social, Patricia Jord\u00e3o Mion &#8211; Diretora do Departamento de Assist\u00eancia Social, Erika Marcondes Ad\u00e3o \u2013 Coordenadora do Fundo Municipal de Solidariedade, Maura Arioli Roberto Coordenador da Casa dos Conselhos, Nayane Milhoci de Almeida &#8211; Coordenadora do CRAS, Fl\u00e1via Vergna Barcellos Silveira &#8211; Coordenadora CREAS.<\/p>\n","protected":false},"excerpt":{"rendered":"<p>Na manh\u00e3 de 26 de janeiro, o Departamento de Assist\u00eancia Social e o Fundo Social, realizaram uma visita \u00e0 Secretaria<\/p>\n","protected":false},"author":1,"featured_media":6706,"comment_status":"closed","ping_status":"open","sticky":false,"template":"","format":"standard","meta":{"footnotes":""},"categories":[43],"tags":[],"class_list":["post-6705","post","type-post","status-publish","format-standard","has-post-thumbnail","hentry","category-assistenciasocial"],"_links":{"self":[{"href":"https:\/\/www.santaritadopassaquatro.sp.gov.br\/portal\/wp-json\/wp\/v2\/posts\/6705","targetHints":{"allow":["GET"]}}],"collection":[{"href":"https:\/\/www.santaritadopassaquatro.sp.gov.br\/portal\/wp-json\/wp\/v2\/posts"}],"about":[{"href":"https:\/\/www.santaritadopassaquatro.sp.gov.br\/portal\/wp-json\/wp\/v2\/types\/post"}],"author":[{"embeddable":true,"href":"https:\/\/www.santaritadopassaquatro.sp.gov.br\/portal\/wp-json\/wp\/v2\/users\/1"}],"replies":[{"embeddable":true,"href":"https:\/\/www.santaritadopassaquatro.sp.gov.br\/portal\/wp-json\/wp\/v2\/comments?post=6705"}],"version-history":[{"count":1,"href":"https:\/\/www.santaritadopassaquatro.sp.gov.br\/portal\/wp-json\/wp\/v2\/posts\/6705\/revisions"}],"predecessor-version":[{"id":6707,"href":"https:\/\/www.santaritadopassaquatro.sp.gov.br\/portal\/wp-json\/wp\/v2\/posts\/6705\/revisions\/6707"}],"wp:featuredmedia":[{"embeddable":true,"href":"https:\/\/www.santaritadopassaquatro.sp.gov.br\/portal\/wp-json\/wp\/v2\/media\/6706"}],"wp:attachment":[{"href":"https:\/\/www.santaritadopassaquatro.sp.gov.br\/portal\/wp-json\/wp\/v2\/media?parent=6705"}],"wp:term":[{"taxonomy":"category","embeddable":true,"href":"https:\/\/www.santaritadopassaquatro.sp.gov.br\/portal\/wp-json\/wp\/v2\/categories?post=6705"},{"taxonomy":"post_tag","embeddable":true,"href":"https:\/\/www.santaritadopassaquatro.sp.gov.br\/portal\/wp-json\/wp\/v2\/tags?post=6705"}],"curies":[{"name":"wp","href":"https:\/\/api.w.org\/{rel}","templated":true}]}}