{"id":6708,"date":"2022-01-23T14:02:46","date_gmt":"2022-01-23T17:02:46","guid":{"rendered":"http:\/\/www.santaritadopassaquatro.sp.gov.br\/portal\/?p=6708"},"modified":"2022-07-21T14:22:55","modified_gmt":"2022-07-21T17:22:55","slug":"o-fundo-social-de-santa-rita-do-passa-quatro-com-o-auxilio-de-funcionarias-e-voluntarias-esta-confeccionando-mascaras-infantis-para-protecao-da-covid-19","status":"publish","type":"post","link":"https:\/\/www.santaritadopassaquatro.sp.gov.br\/portal\/o-fundo-social-de-santa-rita-do-passa-quatro-com-o-auxilio-de-funcionarias-e-voluntarias-esta-confeccionando-mascaras-infantis-para-protecao-da-covid-19\/","title":{"rendered":"O Fundo Social de Santa Rita do Passa Quatro, com o aux\u00edlio de funcion\u00e1rias e voluntarias, est\u00e1 confeccionando m\u00e1scaras infantis, para prote\u00e7\u00e3o da COVID-19."},"content":{"rendered":"<p>O Fundo Social de Santa Rita do Passa Quatro, com o aux\u00edlio de funcion\u00e1rias e voluntarias, est\u00e1 confeccionando m\u00e1scaras infantis, para prote\u00e7\u00e3o da COVID-19.<br \/>\nHoje, realizou a doa\u00e7\u00e3o de m\u00e1scaras ao Departamento de Educa\u00e7\u00e3o.<br \/>\nDOE MASCARAS E SALVE VIDAS!<\/p>\n","protected":false},"excerpt":{"rendered":"<p>O Fundo Social de Santa Rita do Passa Quatro, com o aux\u00edlio de funcion\u00e1rias e voluntarias, est\u00e1 confeccionando m\u00e1scaras infantis,<\/p>\n","protected":false},"author":1,"featured_media":6709,"comment_status":"closed","ping_status":"open","sticky":false,"template":"","format":"standard","meta":{"footnotes":""},"categories":[43,58],"tags":[],"class_list":["post-6708","post","type-post","status-publish","format-standard","has-post-thumbnail","hentry","category-assistenciasocial","category-health"],"_links":{"self":[{"href":"https:\/\/www.santaritadopassaquatro.sp.gov.br\/portal\/wp-json\/wp\/v2\/posts\/6708","targetHints":{"allow":["GET"]}}],"collection":[{"href":"https:\/\/www.santaritadopassaquatro.sp.gov.br\/portal\/wp-json\/wp\/v2\/posts"}],"about":[{"href":"https:\/\/www.santaritadopassaquatro.sp.gov.br\/portal\/wp-json\/wp\/v2\/types\/post"}],"author":[{"embeddable":true,"href":"https:\/\/www.santaritadopassaquatro.sp.gov.br\/portal\/wp-json\/wp\/v2\/users\/1"}],"replies":[{"embeddable":true,"href":"https:\/\/www.santaritadopassaquatro.sp.gov.br\/portal\/wp-json\/wp\/v2\/comments?post=6708"}],"version-history":[{"count":1,"href":"https:\/\/www.santaritadopassaquatro.sp.gov.br\/portal\/wp-json\/wp\/v2\/posts\/6708\/revisions"}],"predecessor-version":[{"id":6710,"href":"https:\/\/www.santaritadopassaquatro.sp.gov.br\/portal\/wp-json\/wp\/v2\/posts\/6708\/revisions\/6710"}],"wp:featuredmedia":[{"embeddable":true,"href":"https:\/\/www.santaritadopassaquatro.sp.gov.br\/portal\/wp-json\/wp\/v2\/media\/6709"}],"wp:attachment":[{"href":"https:\/\/www.santaritadopassaquatro.sp.gov.br\/portal\/wp-json\/wp\/v2\/media?parent=6708"}],"wp:term":[{"taxonomy":"category","embeddable":true,"href":"https:\/\/www.santaritadopassaquatro.sp.gov.br\/portal\/wp-json\/wp\/v2\/categories?post=6708"},{"taxonomy":"post_tag","embeddable":true,"href":"https:\/\/www.santaritadopassaquatro.sp.gov.br\/portal\/wp-json\/wp\/v2\/tags?post=6708"}],"curies":[{"name":"wp","href":"https:\/\/api.w.org\/{rel}","templated":true}]}}