{"id":6721,"date":"2021-07-08T15:29:14","date_gmt":"2021-07-08T18:29:14","guid":{"rendered":"http:\/\/www.santaritadopassaquatro.sp.gov.br\/portal\/?p=6721"},"modified":"2022-07-21T15:40:34","modified_gmt":"2022-07-21T18:40:34","slug":"doacao-do-fundo-social-estadual","status":"publish","type":"post","link":"https:\/\/www.santaritadopassaquatro.sp.gov.br\/portal\/doacao-do-fundo-social-estadual\/","title":{"rendered":"DOA\u00c7\u00c3O DO FUNDO SOCIAL ESTADUAL"},"content":{"rendered":"<p>O Fundo Social de Solidariedade de Santa rita, recebeu hoje (08\/07), do Fundo Social do Estado de S\u00e3o Paulo a doa\u00e7\u00e3o de 250 cestas b\u00e1sicas, que foram repassadas ao Departamento de Assist\u00eancia Social, para atender \u00e0s fam\u00edlias que est\u00e3o em situa\u00e7\u00e3o de vulnerabilidade social. A diretora do departamento, Patr\u00edcia Jord\u00e3o Mion, acompanhada da presidente do Fundo Social de Solidariedade, Janete Bornhof, informou que as cestas ser\u00e3o concedidas \u00e0s fam\u00edlias via cadastro \u00fanico e an\u00e1lise social, de acordo com o n\u00edvel de vulnerabilidade.<\/p>\n","protected":false},"excerpt":{"rendered":"<p>O Fundo Social de Solidariedade de Santa rita, recebeu hoje (08\/07), do Fundo Social do Estado de S\u00e3o Paulo a<\/p>\n","protected":false},"author":1,"featured_media":6722,"comment_status":"closed","ping_status":"open","sticky":false,"template":"","format":"standard","meta":{"footnotes":""},"categories":[62],"tags":[],"class_list":["post-6721","post","type-post","status-publish","format-standard","has-post-thumbnail","hentry","category-fundo-social"],"_links":{"self":[{"href":"https:\/\/www.santaritadopassaquatro.sp.gov.br\/portal\/wp-json\/wp\/v2\/posts\/6721","targetHints":{"allow":["GET"]}}],"collection":[{"href":"https:\/\/www.santaritadopassaquatro.sp.gov.br\/portal\/wp-json\/wp\/v2\/posts"}],"about":[{"href":"https:\/\/www.santaritadopassaquatro.sp.gov.br\/portal\/wp-json\/wp\/v2\/types\/post"}],"author":[{"embeddable":true,"href":"https:\/\/www.santaritadopassaquatro.sp.gov.br\/portal\/wp-json\/wp\/v2\/users\/1"}],"replies":[{"embeddable":true,"href":"https:\/\/www.santaritadopassaquatro.sp.gov.br\/portal\/wp-json\/wp\/v2\/comments?post=6721"}],"version-history":[{"count":1,"href":"https:\/\/www.santaritadopassaquatro.sp.gov.br\/portal\/wp-json\/wp\/v2\/posts\/6721\/revisions"}],"predecessor-version":[{"id":6723,"href":"https:\/\/www.santaritadopassaquatro.sp.gov.br\/portal\/wp-json\/wp\/v2\/posts\/6721\/revisions\/6723"}],"wp:featuredmedia":[{"embeddable":true,"href":"https:\/\/www.santaritadopassaquatro.sp.gov.br\/portal\/wp-json\/wp\/v2\/media\/6722"}],"wp:attachment":[{"href":"https:\/\/www.santaritadopassaquatro.sp.gov.br\/portal\/wp-json\/wp\/v2\/media?parent=6721"}],"wp:term":[{"taxonomy":"category","embeddable":true,"href":"https:\/\/www.santaritadopassaquatro.sp.gov.br\/portal\/wp-json\/wp\/v2\/categories?post=6721"},{"taxonomy":"post_tag","embeddable":true,"href":"https:\/\/www.santaritadopassaquatro.sp.gov.br\/portal\/wp-json\/wp\/v2\/tags?post=6721"}],"curies":[{"name":"wp","href":"https:\/\/api.w.org\/{rel}","templated":true}]}}