{"id":6724,"date":"2021-07-08T15:31:12","date_gmt":"2021-07-08T18:31:12","guid":{"rendered":"http:\/\/www.santaritadopassaquatro.sp.gov.br\/portal\/?p=6724"},"modified":"2022-07-21T15:37:46","modified_gmt":"2022-07-21T18:37:46","slug":"fundo-social-inicia-doacao-de-roupas-arrecadadas","status":"publish","type":"post","link":"https:\/\/www.santaritadopassaquatro.sp.gov.br\/portal\/fundo-social-inicia-doacao-de-roupas-arrecadadas\/","title":{"rendered":"Fundo Social inicia doa\u00e7\u00e3o de roupas arrecadadas"},"content":{"rendered":"<p>A presidente do Fundo Social de Solidariedade Janete Bornhof, acompanhada do prefeito Marcelo Sim\u00e3o e da diretora do Departamento de Assist\u00eancia Social Patr\u00edcia Mion, estiveram no distrito de Santa Cruz da Estrela para iniciar a doa\u00e7\u00e3o de agasalhos arrecadados na Campanha do Agasalho, que est\u00e1 sendo feita em parceria com a EPTV e com o Tiro de Guerra.<br \/>\nA campanha do agasalho j\u00e1 arrecadou mais de 5 toneladas de agasalhos que come\u00e7a a ser destinado \u00e0s fam\u00edlias em situa\u00e7\u00e3o de vulnerabilidade social. Voc\u00ea ainda pode doar, basta levar at\u00e9 o Fundo Social de Solidariedade.<\/p>\n<p><img decoding=\"async\" class=\"aligncenter size-large wp-image-6726\" src=\"http:\/\/www.santaritadopassaquatro.sp.gov.br\/portal\/wp-content\/uploads\/2022\/07\/WhatsApp-Image-2022-07-21-at-10.48.50.jpeg\" alt=\"\" width=\"800\" height=\"419\" \/> <img decoding=\"async\" class=\"aligncenter size-large wp-image-6727\" src=\"http:\/\/www.santaritadopassaquatro.sp.gov.br\/portal\/wp-content\/uploads\/2022\/07\/WhatsApp-Image-2022-07-21-at-10.49.00.jpeg\" alt=\"\" width=\"800\" height=\"419\" \/> <img decoding=\"async\" class=\"aligncenter size-large wp-image-6728\" src=\"http:\/\/www.santaritadopassaquatro.sp.gov.br\/portal\/wp-content\/uploads\/2022\/07\/WhatsApp-Image-2022-07-21-at-10.49.07.jpeg\" alt=\"\" width=\"800\" height=\"419\" \/><\/p>\n","protected":false},"excerpt":{"rendered":"<p>A presidente do Fundo Social de Solidariedade Janete Bornhof, acompanhada do prefeito Marcelo Sim\u00e3o e da diretora do Departamento de<\/p>\n","protected":false},"author":1,"featured_media":6725,"comment_status":"closed","ping_status":"open","sticky":false,"template":"","format":"standard","meta":{"footnotes":""},"categories":[62],"tags":[],"class_list":["post-6724","post","type-post","status-publish","format-standard","has-post-thumbnail","hentry","category-fundo-social"],"_links":{"self":[{"href":"https:\/\/www.santaritadopassaquatro.sp.gov.br\/portal\/wp-json\/wp\/v2\/posts\/6724","targetHints":{"allow":["GET"]}}],"collection":[{"href":"https:\/\/www.santaritadopassaquatro.sp.gov.br\/portal\/wp-json\/wp\/v2\/posts"}],"about":[{"href":"https:\/\/www.santaritadopassaquatro.sp.gov.br\/portal\/wp-json\/wp\/v2\/types\/post"}],"author":[{"embeddable":true,"href":"https:\/\/www.santaritadopassaquatro.sp.gov.br\/portal\/wp-json\/wp\/v2\/users\/1"}],"replies":[{"embeddable":true,"href":"https:\/\/www.santaritadopassaquatro.sp.gov.br\/portal\/wp-json\/wp\/v2\/comments?post=6724"}],"version-history":[{"count":1,"href":"https:\/\/www.santaritadopassaquatro.sp.gov.br\/portal\/wp-json\/wp\/v2\/posts\/6724\/revisions"}],"predecessor-version":[{"id":6729,"href":"https:\/\/www.santaritadopassaquatro.sp.gov.br\/portal\/wp-json\/wp\/v2\/posts\/6724\/revisions\/6729"}],"wp:featuredmedia":[{"embeddable":true,"href":"https:\/\/www.santaritadopassaquatro.sp.gov.br\/portal\/wp-json\/wp\/v2\/media\/6725"}],"wp:attachment":[{"href":"https:\/\/www.santaritadopassaquatro.sp.gov.br\/portal\/wp-json\/wp\/v2\/media?parent=6724"}],"wp:term":[{"taxonomy":"category","embeddable":true,"href":"https:\/\/www.santaritadopassaquatro.sp.gov.br\/portal\/wp-json\/wp\/v2\/categories?post=6724"},{"taxonomy":"post_tag","embeddable":true,"href":"https:\/\/www.santaritadopassaquatro.sp.gov.br\/portal\/wp-json\/wp\/v2\/tags?post=6724"}],"curies":[{"name":"wp","href":"https:\/\/api.w.org\/{rel}","templated":true}]}}