{"id":6730,"date":"2021-07-30T15:33:47","date_gmt":"2021-07-30T18:33:47","guid":{"rendered":"http:\/\/www.santaritadopassaquatro.sp.gov.br\/portal\/?p=6730"},"modified":"2022-07-21T15:36:26","modified_gmt":"2022-07-21T18:36:26","slug":"apresentacao-de-curso-para-bolsistas-da-frente-de-trabalho-oferecido-pelo-senai","status":"publish","type":"post","link":"https:\/\/www.santaritadopassaquatro.sp.gov.br\/portal\/apresentacao-de-curso-para-bolsistas-da-frente-de-trabalho-oferecido-pelo-senai\/","title":{"rendered":"Apresenta\u00e7\u00e3o de curso para Bolsistas da frente de trabalho, oferecido pelo SENAI"},"content":{"rendered":"<p>Nesta sexta-feira (30), a prefeitura reuniu os bolsistas da frente de trabalho para apresenta\u00e7\u00e3o de estreia de curso de Capacita\u00e7\u00e3o oferecido pelo SENAI, que ocorrer\u00e1 ao longo do segundo semestre de 2021.<\/p>\n<p>O evento aconteceu no Centro Cultural Governador Mario Covas e contou com a presen\u00e7a do Prefeito Marcelo Sim\u00e3o, Professor Marcio (vice-prefeito), Patr\u00edcia Jord\u00e3o Mion (Diretora do Departamento de Assist\u00eancia e Promo\u00e7\u00e3o Social), Luciano D\u2019\u00c1vila (Diretor Administrativo) e do Professor M\u00e1rcio Marinho (Diretor do SENAI \u2013 S\u00e3o Carlos).<\/p>\n<p>Patr\u00edcia Jord\u00e3o Mion, Diretora do Departamento de Assist\u00eancia Social, destacou a import\u00e2ncia da qualifica\u00e7\u00e3o de todos os bolsistas para que consigam independ\u00eancia e autonomia financeira. J\u00e1 o Prefeito Marcelo Sim\u00e3o destacou o trabalho que vem sendo realizado pela frente, zelando pelo munic\u00edpio. O curso foi cedido especialmente para os bolsistas pelo SENAI.<\/p>\n","protected":false},"excerpt":{"rendered":"<p>Nesta sexta-feira (30), a prefeitura reuniu os bolsistas da frente de trabalho para apresenta\u00e7\u00e3o de estreia de curso de Capacita\u00e7\u00e3o<\/p>\n","protected":false},"author":1,"featured_media":6731,"comment_status":"closed","ping_status":"open","sticky":false,"template":"","format":"standard","meta":{"footnotes":""},"categories":[62],"tags":[],"class_list":["post-6730","post","type-post","status-publish","format-standard","has-post-thumbnail","hentry","category-fundo-social"],"_links":{"self":[{"href":"https:\/\/www.santaritadopassaquatro.sp.gov.br\/portal\/wp-json\/wp\/v2\/posts\/6730","targetHints":{"allow":["GET"]}}],"collection":[{"href":"https:\/\/www.santaritadopassaquatro.sp.gov.br\/portal\/wp-json\/wp\/v2\/posts"}],"about":[{"href":"https:\/\/www.santaritadopassaquatro.sp.gov.br\/portal\/wp-json\/wp\/v2\/types\/post"}],"author":[{"embeddable":true,"href":"https:\/\/www.santaritadopassaquatro.sp.gov.br\/portal\/wp-json\/wp\/v2\/users\/1"}],"replies":[{"embeddable":true,"href":"https:\/\/www.santaritadopassaquatro.sp.gov.br\/portal\/wp-json\/wp\/v2\/comments?post=6730"}],"version-history":[{"count":1,"href":"https:\/\/www.santaritadopassaquatro.sp.gov.br\/portal\/wp-json\/wp\/v2\/posts\/6730\/revisions"}],"predecessor-version":[{"id":6732,"href":"https:\/\/www.santaritadopassaquatro.sp.gov.br\/portal\/wp-json\/wp\/v2\/posts\/6730\/revisions\/6732"}],"wp:featuredmedia":[{"embeddable":true,"href":"https:\/\/www.santaritadopassaquatro.sp.gov.br\/portal\/wp-json\/wp\/v2\/media\/6731"}],"wp:attachment":[{"href":"https:\/\/www.santaritadopassaquatro.sp.gov.br\/portal\/wp-json\/wp\/v2\/media?parent=6730"}],"wp:term":[{"taxonomy":"category","embeddable":true,"href":"https:\/\/www.santaritadopassaquatro.sp.gov.br\/portal\/wp-json\/wp\/v2\/categories?post=6730"},{"taxonomy":"post_tag","embeddable":true,"href":"https:\/\/www.santaritadopassaquatro.sp.gov.br\/portal\/wp-json\/wp\/v2\/tags?post=6730"}],"curies":[{"name":"wp","href":"https:\/\/api.w.org\/{rel}","templated":true}]}}