{"id":6734,"date":"2021-08-04T15:44:35","date_gmt":"2021-08-04T18:44:35","guid":{"rendered":"http:\/\/www.santaritadopassaquatro.sp.gov.br\/portal\/?p=6734"},"modified":"2022-07-21T15:47:00","modified_gmt":"2022-07-21T18:47:00","slug":"fundo-social-de-solidariedade-doa-10-mil-mascaras-as-criancas-de-santa-rita","status":"publish","type":"post","link":"https:\/\/www.santaritadopassaquatro.sp.gov.br\/portal\/fundo-social-de-solidariedade-doa-10-mil-mascaras-as-criancas-de-santa-rita\/","title":{"rendered":"Fundo Social de Solidariedade doa 10 mil m\u00e1scaras \u00e0s crian\u00e7as de Santa Rita"},"content":{"rendered":"<p>A Prefeitura de Santa Rita do Passa Quatro, atrav\u00e9s do Fundo Social de Solidariedade, realizou a doa\u00e7\u00e3o de 10.125 m\u00e1scaras infantis para os alunos que est\u00e3o retornando \u00e0s aulas presenciais. A Presidente do Fundo Social Janeth Bornhof, entregou pessoalmente as m\u00e1scaras ao Departamento de Educa\u00e7\u00e3o, onde foi recebida pela Diretora de Educa\u00e7\u00e3o Luciana Fr\u00f6ner e toda sua equipe.<br \/>\nRecentemente a empresa D\u00e9cio Camargo doou ao Fundo Social, 30 mil m\u00e1scaras adultas, 15 mil infantis e 6.900 fraldas geri\u00e1tricas.<\/p>\n","protected":false},"excerpt":{"rendered":"<p>A Prefeitura de Santa Rita do Passa Quatro, atrav\u00e9s do Fundo Social de Solidariedade, realizou a doa\u00e7\u00e3o de 10.125 m\u00e1scaras<\/p>\n","protected":false},"author":1,"featured_media":6735,"comment_status":"closed","ping_status":"open","sticky":false,"template":"","format":"standard","meta":{"footnotes":""},"categories":[62],"tags":[],"class_list":["post-6734","post","type-post","status-publish","format-standard","has-post-thumbnail","hentry","category-fundo-social"],"_links":{"self":[{"href":"https:\/\/www.santaritadopassaquatro.sp.gov.br\/portal\/wp-json\/wp\/v2\/posts\/6734","targetHints":{"allow":["GET"]}}],"collection":[{"href":"https:\/\/www.santaritadopassaquatro.sp.gov.br\/portal\/wp-json\/wp\/v2\/posts"}],"about":[{"href":"https:\/\/www.santaritadopassaquatro.sp.gov.br\/portal\/wp-json\/wp\/v2\/types\/post"}],"author":[{"embeddable":true,"href":"https:\/\/www.santaritadopassaquatro.sp.gov.br\/portal\/wp-json\/wp\/v2\/users\/1"}],"replies":[{"embeddable":true,"href":"https:\/\/www.santaritadopassaquatro.sp.gov.br\/portal\/wp-json\/wp\/v2\/comments?post=6734"}],"version-history":[{"count":1,"href":"https:\/\/www.santaritadopassaquatro.sp.gov.br\/portal\/wp-json\/wp\/v2\/posts\/6734\/revisions"}],"predecessor-version":[{"id":6736,"href":"https:\/\/www.santaritadopassaquatro.sp.gov.br\/portal\/wp-json\/wp\/v2\/posts\/6734\/revisions\/6736"}],"wp:featuredmedia":[{"embeddable":true,"href":"https:\/\/www.santaritadopassaquatro.sp.gov.br\/portal\/wp-json\/wp\/v2\/media\/6735"}],"wp:attachment":[{"href":"https:\/\/www.santaritadopassaquatro.sp.gov.br\/portal\/wp-json\/wp\/v2\/media?parent=6734"}],"wp:term":[{"taxonomy":"category","embeddable":true,"href":"https:\/\/www.santaritadopassaquatro.sp.gov.br\/portal\/wp-json\/wp\/v2\/categories?post=6734"},{"taxonomy":"post_tag","embeddable":true,"href":"https:\/\/www.santaritadopassaquatro.sp.gov.br\/portal\/wp-json\/wp\/v2\/tags?post=6734"}],"curies":[{"name":"wp","href":"https:\/\/api.w.org\/{rel}","templated":true}]}}