{"id":6737,"date":"2021-08-10T15:52:37","date_gmt":"2021-08-10T18:52:37","guid":{"rendered":"http:\/\/www.santaritadopassaquatro.sp.gov.br\/portal\/?p=6737"},"modified":"2022-07-21T15:55:15","modified_gmt":"2022-07-21T18:55:15","slug":"cras-e-sindicato-rural-promovem-curso-de-artefatos-artesanais","status":"publish","type":"post","link":"https:\/\/www.santaritadopassaquatro.sp.gov.br\/portal\/cras-e-sindicato-rural-promovem-curso-de-artefatos-artesanais\/","title":{"rendered":"CRAS e Sindicato Rural promovem Curso de Artefatos Artesanais"},"content":{"rendered":"<p>No per\u00edodo de 2 a 6 de agosto foi desenvolvido no CRAS (Centro de Refer\u00eancia da Assist\u00eancia Social), em parceria com o Sindicato Rural do munic\u00edpio, um curso de Artefatos Artesanais para datas comemorativas promovido pelo SENAR.<br \/>\nAs participantes realizaram a confec\u00e7\u00e3o de diversos objetos como caixa decorada, coelho, porta retrato, cavalinho artesanal, todos feito com elementos naturais.<br \/>\nO CRAS observa que o curso proporcionou muitas trocas, viv\u00eancias, companheirismo, v\u00ednculos para todas as participantes, al\u00e9m do conhecimento e da aquisi\u00e7\u00e3o de novas habilidades.<br \/>\n&#8220;O curso foi excelente, gostar\u00edamos que tivesse mais, pois aprendemos muito, fizemos amizades, aprendemos que ningu\u00e9m \u00e9 melhor que ningu\u00e9m, que cada um tem sua ess\u00eancia e ajudamos umas as outras. A professora \u00e9 muito boa e dedicada\u201d, relataram as participantes Eleni Pereira da Silva e sua filha Thalita.<br \/>\nO CRAS e seu respectivo Departamento de Promo\u00e7\u00e3o Social agradece imensamente a parceria com o Sindicato Rural.<\/p>\n<p>&nbsp;<\/p>\n<p><img decoding=\"async\" class=\"aligncenter size-full wp-image-6738\" src=\"http:\/\/www.santaritadopassaquatro.sp.gov.br\/portal\/wp-content\/uploads\/2022\/07\/05cea97e-acf7-4453-bbfc-620b8e61fcea.jpg\" alt=\"\" width=\"1024\" height=\"1280\" \/> <img decoding=\"async\" class=\"aligncenter size-full wp-image-6739\" src=\"http:\/\/www.santaritadopassaquatro.sp.gov.br\/portal\/wp-content\/uploads\/2022\/07\/99d2a889-37bf-49ed-a7d3-2e7505bb87bb.jpg\" alt=\"\" width=\"1024\" height=\"1280\" \/><\/p>\n","protected":false},"excerpt":{"rendered":"<p>No per\u00edodo de 2 a 6 de agosto foi desenvolvido no CRAS (Centro de Refer\u00eancia da Assist\u00eancia Social), em parceria<\/p>\n","protected":false},"author":1,"featured_media":6740,"comment_status":"closed","ping_status":"open","sticky":false,"template":"","format":"standard","meta":{"footnotes":""},"categories":[62],"tags":[],"class_list":["post-6737","post","type-post","status-publish","format-standard","has-post-thumbnail","hentry","category-fundo-social"],"_links":{"self":[{"href":"https:\/\/www.santaritadopassaquatro.sp.gov.br\/portal\/wp-json\/wp\/v2\/posts\/6737","targetHints":{"allow":["GET"]}}],"collection":[{"href":"https:\/\/www.santaritadopassaquatro.sp.gov.br\/portal\/wp-json\/wp\/v2\/posts"}],"about":[{"href":"https:\/\/www.santaritadopassaquatro.sp.gov.br\/portal\/wp-json\/wp\/v2\/types\/post"}],"author":[{"embeddable":true,"href":"https:\/\/www.santaritadopassaquatro.sp.gov.br\/portal\/wp-json\/wp\/v2\/users\/1"}],"replies":[{"embeddable":true,"href":"https:\/\/www.santaritadopassaquatro.sp.gov.br\/portal\/wp-json\/wp\/v2\/comments?post=6737"}],"version-history":[{"count":1,"href":"https:\/\/www.santaritadopassaquatro.sp.gov.br\/portal\/wp-json\/wp\/v2\/posts\/6737\/revisions"}],"predecessor-version":[{"id":6741,"href":"https:\/\/www.santaritadopassaquatro.sp.gov.br\/portal\/wp-json\/wp\/v2\/posts\/6737\/revisions\/6741"}],"wp:featuredmedia":[{"embeddable":true,"href":"https:\/\/www.santaritadopassaquatro.sp.gov.br\/portal\/wp-json\/wp\/v2\/media\/6740"}],"wp:attachment":[{"href":"https:\/\/www.santaritadopassaquatro.sp.gov.br\/portal\/wp-json\/wp\/v2\/media?parent=6737"}],"wp:term":[{"taxonomy":"category","embeddable":true,"href":"https:\/\/www.santaritadopassaquatro.sp.gov.br\/portal\/wp-json\/wp\/v2\/categories?post=6737"},{"taxonomy":"post_tag","embeddable":true,"href":"https:\/\/www.santaritadopassaquatro.sp.gov.br\/portal\/wp-json\/wp\/v2\/tags?post=6737"}],"curies":[{"name":"wp","href":"https:\/\/api.w.org\/{rel}","templated":true}]}}