{"id":6745,"date":"2021-12-03T16:05:19","date_gmt":"2021-12-03T19:05:19","guid":{"rendered":"http:\/\/www.santaritadopassaquatro.sp.gov.br\/portal\/?p=6745"},"modified":"2022-07-21T16:07:44","modified_gmt":"2022-07-21T19:07:44","slug":"retomada-do-centro-de-convivencia-do-idoso-no-sitio-santa-angela-reune-150-municipes-da-melhor-idade","status":"publish","type":"post","link":"https:\/\/www.santaritadopassaquatro.sp.gov.br\/portal\/retomada-do-centro-de-convivencia-do-idoso-no-sitio-santa-angela-reune-150-municipes-da-melhor-idade\/","title":{"rendered":"RETOMADA DO CENTRO DE CONVIV\u00caNCIA DO IDOSO NO S\u00cdTIO SANTA \u00c2NGELA RE\u00daNE 150 MUN\u00cdCIPES DA MELHOR IDADE"},"content":{"rendered":"<p>Nesta quinta-feira (02), a Prefeitura Municipal de Santa Rita do Passa Quatro, atrav\u00e9s do Departamento de Promo\u00e7\u00e3o e Assist\u00eancia Social, reuniu 150 mun\u00edcipes da melhor idade em um animado evento no S\u00edtio Santa \u00c2ngela, para a retomada do Centro de Conviv\u00eancia do Idoso \u2013 CCI, ap\u00f3s quase dois anos de inatividade, devido \u00e0 Pandemia. O evento teve muita guloseima, com um delicioso caf\u00e9 da tarde, al\u00e9m do bingo com pr\u00eamios especiais para os nossos<br \/>\nA Diretora do Departamento de Assist\u00eancia Social Patr\u00edcia Jord\u00e3o Mion citou a alegria em v\u00ea-los retomando as atividades e os encontros, mas ressaltou que a Pandemia ainda n\u00e3o encerrou e \u00e9 preciso cautela para retomar as atividades de forma gradual. \u201cGra\u00e7as a Deus estamos retomando nossas atividades, ap\u00f3s quase dois anos de isolamento devido \u00e0 Pandemia. Mas estamos voltando com muita cautela, com muita seguran\u00e7a por que ainda vivenciamos a pandemia, mas gradativamente retornaremos com os nossos encontros\u201d. A Diretora tamb\u00e9m apresentou a nova equipe do CCI, Coordenado pela T\u00e1ssia Peixoto e conta com Erika Marcondes, Carol Reis, Andreia Tazima, J\u00e9ssica Conti e os estagi\u00e1rios Lucas de Souza Aguiar e Ana Carolina de Souza. Este evento teve o apoio do CRAS, atrav\u00e9s da Coordenadora Nayane Milhoci de Almeida, e dos PSF\u2019s de Santa Cruz da Estrela e do Jardim S\u00e3o Luiz.<br \/>\nA Diretora do Departamento de Sa\u00fade Camila Tobias Rom\u00e3o tamb\u00e9m esteve presente para orientar os mun\u00edcipes da melhor idade sobre a import\u00e2ncia da preven\u00e7\u00e3o da sa\u00fade, realizando exames periodicamente, e citou que \u00e9 fundamental continuarem se cuidando contra a Covid-19. O Prefeito Marcelo Sim\u00e3o esteve representado pela Assessora de Gabinete Larissa Cristina Rosa. O Legislativo esteve representado pelo Vereador Lucas Comin.<\/p>\n<p><img decoding=\"async\" class=\"aligncenter size-full wp-image-6753\" src=\"http:\/\/www.santaritadopassaquatro.sp.gov.br\/portal\/wp-content\/uploads\/2022\/07\/WhatsApp-Image-2022-07-21-at-11.02.11.jpeg\" alt=\"\" width=\"1280\" height=\"853\" \/> <img decoding=\"async\" class=\"aligncenter size-full wp-image-6752\" src=\"http:\/\/www.santaritadopassaquatro.sp.gov.br\/portal\/wp-content\/uploads\/2022\/07\/WhatsApp-Image-2022-07-21-at-11.01.59.jpeg\" alt=\"\" width=\"1280\" height=\"853\" \/> <img decoding=\"async\" class=\"aligncenter size-full wp-image-6751\" src=\"http:\/\/www.santaritadopassaquatro.sp.gov.br\/portal\/wp-content\/uploads\/2022\/07\/WhatsApp-Image-2022-07-21-at-11.01.49.jpeg\" alt=\"\" width=\"1280\" height=\"853\" \/> <img decoding=\"async\" class=\"aligncenter size-full wp-image-6750\" src=\"http:\/\/www.santaritadopassaquatro.sp.gov.br\/portal\/wp-content\/uploads\/2022\/07\/WhatsApp-Image-2022-07-21-at-11.01.31.jpeg\" alt=\"\" width=\"1280\" height=\"853\" \/> <img decoding=\"async\" class=\"aligncenter size-full wp-image-6749\" src=\"http:\/\/www.santaritadopassaquatro.sp.gov.br\/portal\/wp-content\/uploads\/2022\/07\/WhatsApp-Image-2022-07-21-at-11.01.20.jpeg\" alt=\"\" width=\"1280\" height=\"853\" \/> <img decoding=\"async\" class=\"aligncenter size-full wp-image-6748\" src=\"http:\/\/www.santaritadopassaquatro.sp.gov.br\/portal\/wp-content\/uploads\/2022\/07\/WhatsApp-Image-2022-07-21-at-11.01.12.jpeg\" alt=\"\" width=\"1280\" height=\"853\" \/> <img decoding=\"async\" class=\"aligncenter size-full wp-image-6747\" src=\"http:\/\/www.santaritadopassaquatro.sp.gov.br\/portal\/wp-content\/uploads\/2022\/07\/WhatsApp-Image-2022-07-21-at-11.01.04.jpeg\" alt=\"\" width=\"1280\" height=\"853\" \/> <img decoding=\"async\" class=\"aligncenter size-full wp-image-6746\" src=\"http:\/\/www.santaritadopassaquatro.sp.gov.br\/portal\/wp-content\/uploads\/2022\/07\/WhatsApp-Image-2022-07-21-at-11.00.56.jpeg\" alt=\"\" width=\"1280\" height=\"853\" \/><\/p>\n","protected":false},"excerpt":{"rendered":"<p>Nesta quinta-feira (02), a Prefeitura Municipal de Santa Rita do Passa Quatro, atrav\u00e9s do Departamento de Promo\u00e7\u00e3o e Assist\u00eancia Social,<\/p>\n","protected":false},"author":1,"featured_media":6754,"comment_status":"closed","ping_status":"open","sticky":false,"template":"","format":"standard","meta":{"footnotes":""},"categories":[43,62],"tags":[],"class_list":["post-6745","post","type-post","status-publish","format-standard","has-post-thumbnail","hentry","category-assistenciasocial","category-fundo-social"],"_links":{"self":[{"href":"https:\/\/www.santaritadopassaquatro.sp.gov.br\/portal\/wp-json\/wp\/v2\/posts\/6745","targetHints":{"allow":["GET"]}}],"collection":[{"href":"https:\/\/www.santaritadopassaquatro.sp.gov.br\/portal\/wp-json\/wp\/v2\/posts"}],"about":[{"href":"https:\/\/www.santaritadopassaquatro.sp.gov.br\/portal\/wp-json\/wp\/v2\/types\/post"}],"author":[{"embeddable":true,"href":"https:\/\/www.santaritadopassaquatro.sp.gov.br\/portal\/wp-json\/wp\/v2\/users\/1"}],"replies":[{"embeddable":true,"href":"https:\/\/www.santaritadopassaquatro.sp.gov.br\/portal\/wp-json\/wp\/v2\/comments?post=6745"}],"version-history":[{"count":1,"href":"https:\/\/www.santaritadopassaquatro.sp.gov.br\/portal\/wp-json\/wp\/v2\/posts\/6745\/revisions"}],"predecessor-version":[{"id":6755,"href":"https:\/\/www.santaritadopassaquatro.sp.gov.br\/portal\/wp-json\/wp\/v2\/posts\/6745\/revisions\/6755"}],"wp:featuredmedia":[{"embeddable":true,"href":"https:\/\/www.santaritadopassaquatro.sp.gov.br\/portal\/wp-json\/wp\/v2\/media\/6754"}],"wp:attachment":[{"href":"https:\/\/www.santaritadopassaquatro.sp.gov.br\/portal\/wp-json\/wp\/v2\/media?parent=6745"}],"wp:term":[{"taxonomy":"category","embeddable":true,"href":"https:\/\/www.santaritadopassaquatro.sp.gov.br\/portal\/wp-json\/wp\/v2\/categories?post=6745"},{"taxonomy":"post_tag","embeddable":true,"href":"https:\/\/www.santaritadopassaquatro.sp.gov.br\/portal\/wp-json\/wp\/v2\/tags?post=6745"}],"curies":[{"name":"wp","href":"https:\/\/api.w.org\/{rel}","templated":true}]}}