{"id":676,"date":"2019-02-04T14:12:28","date_gmt":"2019-02-04T16:12:28","guid":{"rendered":"http:\/\/www.santaritadopassaquatro.sp.gov.br\/portal\/?p=676"},"modified":"2019-02-04T14:12:28","modified_gmt":"2019-02-04T16:12:28","slug":"circuito-santarritense-de-volei-de-praia-tem-inscricoes-prorrogadas","status":"publish","type":"post","link":"https:\/\/www.santaritadopassaquatro.sp.gov.br\/portal\/circuito-santarritense-de-volei-de-praia-tem-inscricoes-prorrogadas\/","title":{"rendered":"Circuito Santarritense de V\u00f4lei de Praia tem inscri\u00e7\u00f5es prorrogadas"},"content":{"rendered":"<p><em>Promovida pelo Departamento de Esportes competi\u00e7\u00e3o ser\u00e1 seletivas para os Jogos Regionais<\/em><\/p>\n<p><img decoding=\"async\" class=\"alignnone size-medium wp-image-430 alignleft\" src=\"http:\/\/www.santaritadopassaquatro.sp.gov.br\/portal\/wp-content\/uploads\/2019\/01\/volei_areia_jogo_site-300x200.jpg\" alt=\"\" width=\"300\" height=\"200\" srcset=\"https:\/\/www.santaritadopassaquatro.sp.gov.br\/portal\/wp-content\/uploads\/2019\/01\/volei_areia_jogo_site-300x200.jpg 300w, https:\/\/www.santaritadopassaquatro.sp.gov.br\/portal\/wp-content\/uploads\/2019\/01\/volei_areia_jogo_site.jpg 600w\" sizes=\"(max-width: 300px) 100vw, 300px\" \/>O Departamento Municipal de Esportes de Santa Rita do Passa Quatro prorrogou para a pr\u00f3xima quarta-feira (6\/2) o prazo de inscri\u00e7\u00f5es para o Circuito Santarritense de V\u00f4lei de Praia. As inscri\u00e7\u00f5es gratuitas. devem ser feitas na Quadra Municipal Prof. Oscar de Oliveira Alves, das 8h \u00e0s 11h e das 13h \u00e0s 17 horas.<\/p>\n<p>No mesmo dia, a partir das 20 horas, tamb\u00e9m na Quadra Municipal acontecer\u00e1 uma reuni\u00e3o para o sorteio dos grupos e primeiros jogos, que ser\u00e3o aos s\u00e1bados \u00e0 tarde e domingo de manh\u00e3, com in\u00edcio previsto para s\u00e1bado, (9\/2) e t\u00e9rmino dia 24 de fevereiro, domingo.<\/p>\n<p>A competi\u00e7\u00e3o ser\u00e1 o Seletiva Para os Jogos Regionais 2019, nas seguintes categorias Sub 20 masculino e feminino (nascidos at\u00e9 o ano de 2009), Livre masculino e feminino e misto.<\/p>\n","protected":false},"excerpt":{"rendered":"<p>Promovida pelo Departamento de Esportes competi\u00e7\u00e3o ser\u00e1 seletivas para os Jogos Regionais O Departamento Municipal de Esportes de Santa Rita<\/p>\n","protected":false},"author":1,"featured_media":0,"comment_status":"closed","ping_status":"open","sticky":false,"template":"","format":"standard","meta":{"footnotes":""},"categories":[51],"tags":[],"class_list":["post-676","post","type-post","status-publish","format-standard","hentry","category-sports"],"_links":{"self":[{"href":"https:\/\/www.santaritadopassaquatro.sp.gov.br\/portal\/wp-json\/wp\/v2\/posts\/676","targetHints":{"allow":["GET"]}}],"collection":[{"href":"https:\/\/www.santaritadopassaquatro.sp.gov.br\/portal\/wp-json\/wp\/v2\/posts"}],"about":[{"href":"https:\/\/www.santaritadopassaquatro.sp.gov.br\/portal\/wp-json\/wp\/v2\/types\/post"}],"author":[{"embeddable":true,"href":"https:\/\/www.santaritadopassaquatro.sp.gov.br\/portal\/wp-json\/wp\/v2\/users\/1"}],"replies":[{"embeddable":true,"href":"https:\/\/www.santaritadopassaquatro.sp.gov.br\/portal\/wp-json\/wp\/v2\/comments?post=676"}],"version-history":[{"count":0,"href":"https:\/\/www.santaritadopassaquatro.sp.gov.br\/portal\/wp-json\/wp\/v2\/posts\/676\/revisions"}],"wp:attachment":[{"href":"https:\/\/www.santaritadopassaquatro.sp.gov.br\/portal\/wp-json\/wp\/v2\/media?parent=676"}],"wp:term":[{"taxonomy":"category","embeddable":true,"href":"https:\/\/www.santaritadopassaquatro.sp.gov.br\/portal\/wp-json\/wp\/v2\/categories?post=676"},{"taxonomy":"post_tag","embeddable":true,"href":"https:\/\/www.santaritadopassaquatro.sp.gov.br\/portal\/wp-json\/wp\/v2\/tags?post=676"}],"curies":[{"name":"wp","href":"https:\/\/api.w.org\/{rel}","templated":true}]}}