{"id":6762,"date":"2022-01-11T16:10:52","date_gmt":"2022-01-11T19:10:52","guid":{"rendered":"http:\/\/www.santaritadopassaquatro.sp.gov.br\/portal\/?p=6762"},"modified":"2022-07-21T16:14:55","modified_gmt":"2022-07-21T19:14:55","slug":"fundo-social-inicia-segundo-curso-de-costureiro","status":"publish","type":"post","link":"https:\/\/www.santaritadopassaquatro.sp.gov.br\/portal\/fundo-social-inicia-segundo-curso-de-costureiro\/","title":{"rendered":"FUNDO SOCIAL INICIA SEGUNDO CURSO DE COSTUREIRO"},"content":{"rendered":"<p>O Curso de Costureiro de m\u00e1quina reta e overloque foi iniciado nesta segunda-feira e cont\u00e9m 32 vagas, com carga hor\u00e1ria de 160 horas, em duas turmas: Vespertino \u2013 de segunda \u00e0 sexta-feira, das 13h00 \u00e0s 17h00; e noturno \u2013 de segunda \u00e0 sexta-feira, das 18h00 \u00e0s 22h00. O t\u00e9rmino do curso ser\u00e1 no dia 08 de mar\u00e7o de 2022.<br \/>\nA Prefeitura de Santa Rita firmou parceria com o SENAI para que fossem disponibilizados diversos cursos para a popula\u00e7\u00e3o santarritense, atrav\u00e9s do Fundo Social de Solidariedade.<\/p>\n<p><img decoding=\"async\" class=\"aligncenter size-full wp-image-6763\" src=\"http:\/\/www.santaritadopassaquatro.sp.gov.br\/portal\/wp-content\/uploads\/2022\/07\/a1fb08be-a189-46c5-a9e8-106700e9c3d1.jpg\" alt=\"\" width=\"1280\" height=\"873\" \/><\/p>\n","protected":false},"excerpt":{"rendered":"<p>O Curso de Costureiro de m\u00e1quina reta e overloque foi iniciado nesta segunda-feira e cont\u00e9m 32 vagas, com carga hor\u00e1ria<\/p>\n","protected":false},"author":1,"featured_media":6764,"comment_status":"closed","ping_status":"open","sticky":false,"template":"","format":"standard","meta":{"footnotes":""},"categories":[62],"tags":[],"class_list":["post-6762","post","type-post","status-publish","format-standard","has-post-thumbnail","hentry","category-fundo-social"],"_links":{"self":[{"href":"https:\/\/www.santaritadopassaquatro.sp.gov.br\/portal\/wp-json\/wp\/v2\/posts\/6762","targetHints":{"allow":["GET"]}}],"collection":[{"href":"https:\/\/www.santaritadopassaquatro.sp.gov.br\/portal\/wp-json\/wp\/v2\/posts"}],"about":[{"href":"https:\/\/www.santaritadopassaquatro.sp.gov.br\/portal\/wp-json\/wp\/v2\/types\/post"}],"author":[{"embeddable":true,"href":"https:\/\/www.santaritadopassaquatro.sp.gov.br\/portal\/wp-json\/wp\/v2\/users\/1"}],"replies":[{"embeddable":true,"href":"https:\/\/www.santaritadopassaquatro.sp.gov.br\/portal\/wp-json\/wp\/v2\/comments?post=6762"}],"version-history":[{"count":1,"href":"https:\/\/www.santaritadopassaquatro.sp.gov.br\/portal\/wp-json\/wp\/v2\/posts\/6762\/revisions"}],"predecessor-version":[{"id":6765,"href":"https:\/\/www.santaritadopassaquatro.sp.gov.br\/portal\/wp-json\/wp\/v2\/posts\/6762\/revisions\/6765"}],"wp:featuredmedia":[{"embeddable":true,"href":"https:\/\/www.santaritadopassaquatro.sp.gov.br\/portal\/wp-json\/wp\/v2\/media\/6764"}],"wp:attachment":[{"href":"https:\/\/www.santaritadopassaquatro.sp.gov.br\/portal\/wp-json\/wp\/v2\/media?parent=6762"}],"wp:term":[{"taxonomy":"category","embeddable":true,"href":"https:\/\/www.santaritadopassaquatro.sp.gov.br\/portal\/wp-json\/wp\/v2\/categories?post=6762"},{"taxonomy":"post_tag","embeddable":true,"href":"https:\/\/www.santaritadopassaquatro.sp.gov.br\/portal\/wp-json\/wp\/v2\/tags?post=6762"}],"curies":[{"name":"wp","href":"https:\/\/api.w.org\/{rel}","templated":true}]}}