{"id":6766,"date":"2022-02-03T16:15:07","date_gmt":"2022-02-03T19:15:07","guid":{"rendered":"http:\/\/www.santaritadopassaquatro.sp.gov.br\/portal\/?p=6766"},"modified":"2022-07-21T16:17:39","modified_gmt":"2022-07-21T19:17:39","slug":"campanha-nacional-da-prevencao-na-gravidez-na-adolescencia","status":"publish","type":"post","link":"https:\/\/www.santaritadopassaquatro.sp.gov.br\/portal\/campanha-nacional-da-prevencao-na-gravidez-na-adolescencia\/","title":{"rendered":"CAMPANHA NACIONAL DA PREVEN\u00c7\u00c3O NA GRAVIDEZ NA ADOLESC\u00caNCIA"},"content":{"rendered":"<p>A Prefeitura Municipal de Santa Rita do Passa Quatro, atrav\u00e9s do Departamento de Promo\u00e7\u00e3o e Assist\u00eancia Social, Conselho Tutelar e Conselho Municipal da Crian\u00e7a e Adolesc\u00eancia e Departamento de Sa\u00fade, alerta para os riscos da GRAVIDEZ NA ADOLESC\u00caNCIA.<br \/>\nA gravidez na adolesc\u00eancia pode trazer consequ\u00eancias emocionais, sociais e econ\u00f4micas para a sa\u00fade da m\u00e3e e do filho.<br \/>\nA maioria das adolescentes que engravida abandona os estudos para cuidar do filho, o que aumenta os riscos de desemprego e depend\u00eancia econ\u00f4mica dos familiares.<br \/>\nEstes fatores contribuem para a perpetua\u00e7\u00e3o da pobreza, baixo n\u00edvel de escolaridade, abuso e viol\u00eancia familiar, tanto \u00e0 m\u00e3e como \u00e0 crian\u00e7a.<br \/>\nAl\u00e9m disso, a ocorr\u00eancia de mortes na inf\u00e2ncia \u00e9 alta em filhos nascidos de m\u00e3es adolescentes.<br \/>\nA situa\u00e7\u00e3o socioecon\u00f4mica, a falta de apoio e de acompanhamento da gesta\u00e7\u00e3o (pr\u00e9-natal) contribuem para que as adolescentes n\u00e3o recebam informa\u00e7\u00f5es adequadas em rela\u00e7\u00e3o \u00e0 alimenta\u00e7\u00e3o materna apropriada, \u00e0 import\u00e2ncia da amamenta\u00e7\u00e3o e sobre a vacina\u00e7\u00e3o da crian\u00e7a.<br \/>\nTamb\u00e9m \u00e9 grande o n\u00famero de adolescentes que se submetem a abortos inseguros, usando subst\u00e2ncias e rem\u00e9dios para abortar ou em cl\u00ednicas clandestinas. Isso tem grandes riscos para a sa\u00fade da adolescente e at\u00e9 mesmo risco de vida, sendo uma das principais causas de morte materna.<br \/>\nEssas a\u00e7\u00f5es acarretam preju\u00edzos \u00e0s crian\u00e7as, gerando um impacto na sa\u00fade p\u00fablica, al\u00e9m da limita\u00e7\u00e3o no desenvolvimento pessoal, social e profissional da gestante.<br \/>\nVeja alguns dados sobre a gravidez na adolesc\u00eancia no Brasil e ao redor do mundo:<br \/>\n\u2022 7,3 milh\u00f5es de adolescentes se tornam m\u00e3es a cada ano ao redor do mundo, das quais 2 milh\u00f5es s\u00e3o menores de 15 anos;<br \/>\n\u2022 No ano de 2010 um relat\u00f3rio divulgado por um \u00f3rg\u00e3o ligado \u00e0 ONU indica que 12% das adolescentes entre 15 e 19 anos tinham pelo menos um filho;<br \/>\n\u2022 O Brasil tem 21 milh\u00f5es de adolescentes com idade entre 12 e 17 anos, sendo que cerca de 300 mil crian\u00e7as nascem de m\u00e3es nessa faixa et\u00e1ria;<br \/>\nEm pesquisa realizada pela ONU, o Brasil tem 68,4 beb\u00eas nascidos de m\u00e3es adolescentes a cada mil meninas de 15 a 19 anos.<\/p>\n<p>&nbsp;<\/p>\n<p><a href=\"https:\/\/fb.watch\/epd3sSVYaH\/\" target=\"_blank\" rel=\"noopener\">https:\/\/fb.watch\/epd3sSVYaH\/<\/a><\/p>\n<p>&nbsp;<\/p>\n","protected":false},"excerpt":{"rendered":"<p>A Prefeitura Municipal de Santa Rita do Passa Quatro, atrav\u00e9s do Departamento de Promo\u00e7\u00e3o e Assist\u00eancia Social, Conselho Tutelar e<\/p>\n","protected":false},"author":1,"featured_media":0,"comment_status":"closed","ping_status":"open","sticky":false,"template":"","format":"standard","meta":{"footnotes":""},"categories":[43],"tags":[],"class_list":["post-6766","post","type-post","status-publish","format-standard","hentry","category-assistenciasocial"],"_links":{"self":[{"href":"https:\/\/www.santaritadopassaquatro.sp.gov.br\/portal\/wp-json\/wp\/v2\/posts\/6766","targetHints":{"allow":["GET"]}}],"collection":[{"href":"https:\/\/www.santaritadopassaquatro.sp.gov.br\/portal\/wp-json\/wp\/v2\/posts"}],"about":[{"href":"https:\/\/www.santaritadopassaquatro.sp.gov.br\/portal\/wp-json\/wp\/v2\/types\/post"}],"author":[{"embeddable":true,"href":"https:\/\/www.santaritadopassaquatro.sp.gov.br\/portal\/wp-json\/wp\/v2\/users\/1"}],"replies":[{"embeddable":true,"href":"https:\/\/www.santaritadopassaquatro.sp.gov.br\/portal\/wp-json\/wp\/v2\/comments?post=6766"}],"version-history":[{"count":1,"href":"https:\/\/www.santaritadopassaquatro.sp.gov.br\/portal\/wp-json\/wp\/v2\/posts\/6766\/revisions"}],"predecessor-version":[{"id":6767,"href":"https:\/\/www.santaritadopassaquatro.sp.gov.br\/portal\/wp-json\/wp\/v2\/posts\/6766\/revisions\/6767"}],"wp:attachment":[{"href":"https:\/\/www.santaritadopassaquatro.sp.gov.br\/portal\/wp-json\/wp\/v2\/media?parent=6766"}],"wp:term":[{"taxonomy":"category","embeddable":true,"href":"https:\/\/www.santaritadopassaquatro.sp.gov.br\/portal\/wp-json\/wp\/v2\/categories?post=6766"},{"taxonomy":"post_tag","embeddable":true,"href":"https:\/\/www.santaritadopassaquatro.sp.gov.br\/portal\/wp-json\/wp\/v2\/tags?post=6766"}],"curies":[{"name":"wp","href":"https:\/\/api.w.org\/{rel}","templated":true}]}}