{"id":6768,"date":"2022-02-16T16:18:22","date_gmt":"2022-02-16T19:18:22","guid":{"rendered":"http:\/\/www.santaritadopassaquatro.sp.gov.br\/portal\/?p=6768"},"modified":"2022-07-21T16:18:56","modified_gmt":"2022-07-21T19:18:56","slug":"assistencia-social-recebe-300-cestas-basicas-do-governo-estadual","status":"publish","type":"post","link":"https:\/\/www.santaritadopassaquatro.sp.gov.br\/portal\/assistencia-social-recebe-300-cestas-basicas-do-governo-estadual\/","title":{"rendered":"ASSIST\u00caNCIA SOCIAL RECEBE 300 CESTAS B\u00c1SICAS DO GOVERNO ESTADUAL"},"content":{"rendered":"<p>O Departamento de Assist\u00eancia Social, por meio do Fundo Social de Solidariedade, recebeu do Governo Estadual 300 cestas b\u00e1sicas para atender as fam\u00edlias assistidas pelo departamento e seus equipamentos: CRAS e CREAS.<br \/>\nA entrega foi realizada pela Mislene Milanez Candido Dos Reis &#8211; Presidente do Fundo Social de Solidariedade, Silmara Viana &#8211; Coordenadora \u00e0 Patr\u00edcia Jord\u00e3o Mion &#8211; Diretora do Departamento de Assist\u00eancia Social e Silmara B. Fadel &#8211; Coordenadora de Programas.<br \/>\nA diretora do departamento agradece a parceria com o Fundo Social de Solidariedade em benef\u00edcio da popula\u00e7\u00e3o santa-ritense.<\/p>\n","protected":false},"excerpt":{"rendered":"<p>O Departamento de Assist\u00eancia Social, por meio do Fundo Social de Solidariedade, recebeu do Governo Estadual 300 cestas b\u00e1sicas para<\/p>\n","protected":false},"author":1,"featured_media":6769,"comment_status":"closed","ping_status":"open","sticky":false,"template":"","format":"standard","meta":{"footnotes":""},"categories":[43],"tags":[],"class_list":["post-6768","post","type-post","status-publish","format-standard","has-post-thumbnail","hentry","category-assistenciasocial"],"_links":{"self":[{"href":"https:\/\/www.santaritadopassaquatro.sp.gov.br\/portal\/wp-json\/wp\/v2\/posts\/6768","targetHints":{"allow":["GET"]}}],"collection":[{"href":"https:\/\/www.santaritadopassaquatro.sp.gov.br\/portal\/wp-json\/wp\/v2\/posts"}],"about":[{"href":"https:\/\/www.santaritadopassaquatro.sp.gov.br\/portal\/wp-json\/wp\/v2\/types\/post"}],"author":[{"embeddable":true,"href":"https:\/\/www.santaritadopassaquatro.sp.gov.br\/portal\/wp-json\/wp\/v2\/users\/1"}],"replies":[{"embeddable":true,"href":"https:\/\/www.santaritadopassaquatro.sp.gov.br\/portal\/wp-json\/wp\/v2\/comments?post=6768"}],"version-history":[{"count":1,"href":"https:\/\/www.santaritadopassaquatro.sp.gov.br\/portal\/wp-json\/wp\/v2\/posts\/6768\/revisions"}],"predecessor-version":[{"id":6770,"href":"https:\/\/www.santaritadopassaquatro.sp.gov.br\/portal\/wp-json\/wp\/v2\/posts\/6768\/revisions\/6770"}],"wp:featuredmedia":[{"embeddable":true,"href":"https:\/\/www.santaritadopassaquatro.sp.gov.br\/portal\/wp-json\/wp\/v2\/media\/6769"}],"wp:attachment":[{"href":"https:\/\/www.santaritadopassaquatro.sp.gov.br\/portal\/wp-json\/wp\/v2\/media?parent=6768"}],"wp:term":[{"taxonomy":"category","embeddable":true,"href":"https:\/\/www.santaritadopassaquatro.sp.gov.br\/portal\/wp-json\/wp\/v2\/categories?post=6768"},{"taxonomy":"post_tag","embeddable":true,"href":"https:\/\/www.santaritadopassaquatro.sp.gov.br\/portal\/wp-json\/wp\/v2\/tags?post=6768"}],"curies":[{"name":"wp","href":"https:\/\/api.w.org\/{rel}","templated":true}]}}