{"id":6778,"date":"2022-02-22T16:21:18","date_gmt":"2022-02-22T19:21:18","guid":{"rendered":"http:\/\/www.santaritadopassaquatro.sp.gov.br\/portal\/?p=6778"},"modified":"2022-07-21T16:23:44","modified_gmt":"2022-07-21T19:23:44","slug":"fundo-social-fara-uma-campanha-de-doacao-de-roupas","status":"publish","type":"post","link":"https:\/\/www.santaritadopassaquatro.sp.gov.br\/portal\/fundo-social-fara-uma-campanha-de-doacao-de-roupas\/","title":{"rendered":"FUNDO SOCIAL FAR\u00c1 UMA CAMPANHA DE DOA\u00c7\u00c3O DE ROUPAS"},"content":{"rendered":"<p>A Prefeitura de Santa Rita, atrav\u00e9s do Fundo Social de Solidariedade, promover\u00e1 uma campanha de doa\u00e7\u00e3o de roupas usadas no pr\u00e9dio do antigo Conselho Tutelar, na Rua Guerino Mardegan, 786 \u2013 Jardim Boa Vista.<br \/>\nAs roupas foram arrecadadas durante o ano de 2021, com a Campanha do Agasalho e outras a\u00e7\u00f5es do Fundo Social.<br \/>\nAs doa\u00e7\u00f5es acontecer\u00e3o nos dias 24 de fevereiro, e nos dias 03,10 e 17 de mar\u00e7o, das 08h00 \u00e0s 11h00 e das 13h00 \u00e0s 16h00.<\/p>\n<p>O Fundo Social de Solidariedade promover\u00e1 a doa\u00e7\u00e3o de roupas usadas no antigo pr\u00e9dio do Conselho Tutelar situado \u00e0 Rua Guerino Mardegan, 786 &#8211; Jardim Boa Vista.<\/p>\n","protected":false},"excerpt":{"rendered":"<p>A Prefeitura de Santa Rita, atrav\u00e9s do Fundo Social de Solidariedade, promover\u00e1 uma campanha de doa\u00e7\u00e3o de roupas usadas no<\/p>\n","protected":false},"author":1,"featured_media":6779,"comment_status":"closed","ping_status":"open","sticky":false,"template":"","format":"standard","meta":{"footnotes":""},"categories":[62],"tags":[],"class_list":["post-6778","post","type-post","status-publish","format-standard","has-post-thumbnail","hentry","category-fundo-social"],"_links":{"self":[{"href":"https:\/\/www.santaritadopassaquatro.sp.gov.br\/portal\/wp-json\/wp\/v2\/posts\/6778","targetHints":{"allow":["GET"]}}],"collection":[{"href":"https:\/\/www.santaritadopassaquatro.sp.gov.br\/portal\/wp-json\/wp\/v2\/posts"}],"about":[{"href":"https:\/\/www.santaritadopassaquatro.sp.gov.br\/portal\/wp-json\/wp\/v2\/types\/post"}],"author":[{"embeddable":true,"href":"https:\/\/www.santaritadopassaquatro.sp.gov.br\/portal\/wp-json\/wp\/v2\/users\/1"}],"replies":[{"embeddable":true,"href":"https:\/\/www.santaritadopassaquatro.sp.gov.br\/portal\/wp-json\/wp\/v2\/comments?post=6778"}],"version-history":[{"count":1,"href":"https:\/\/www.santaritadopassaquatro.sp.gov.br\/portal\/wp-json\/wp\/v2\/posts\/6778\/revisions"}],"predecessor-version":[{"id":6780,"href":"https:\/\/www.santaritadopassaquatro.sp.gov.br\/portal\/wp-json\/wp\/v2\/posts\/6778\/revisions\/6780"}],"wp:featuredmedia":[{"embeddable":true,"href":"https:\/\/www.santaritadopassaquatro.sp.gov.br\/portal\/wp-json\/wp\/v2\/media\/6779"}],"wp:attachment":[{"href":"https:\/\/www.santaritadopassaquatro.sp.gov.br\/portal\/wp-json\/wp\/v2\/media?parent=6778"}],"wp:term":[{"taxonomy":"category","embeddable":true,"href":"https:\/\/www.santaritadopassaquatro.sp.gov.br\/portal\/wp-json\/wp\/v2\/categories?post=6778"},{"taxonomy":"post_tag","embeddable":true,"href":"https:\/\/www.santaritadopassaquatro.sp.gov.br\/portal\/wp-json\/wp\/v2\/tags?post=6778"}],"curies":[{"name":"wp","href":"https:\/\/api.w.org\/{rel}","templated":true}]}}