{"id":6781,"date":"2022-02-23T16:24:21","date_gmt":"2022-02-23T19:24:21","guid":{"rendered":"http:\/\/www.santaritadopassaquatro.sp.gov.br\/portal\/?p=6781"},"modified":"2022-07-21T16:26:37","modified_gmt":"2022-07-21T19:26:37","slug":"diretora-da-assistencia-social-participa-de-reuniao-do-coegemas","status":"publish","type":"post","link":"https:\/\/www.santaritadopassaquatro.sp.gov.br\/portal\/diretora-da-assistencia-social-participa-de-reuniao-do-coegemas\/","title":{"rendered":"DIRETORA DA ASSIST\u00caNCIA SOCIAL PARTICIPA DE REUNI\u00c3O DO COEGEMAS"},"content":{"rendered":"<p>Na manh\u00e3 dessa quarta-feira (23), a diretora do Departamento de Promo\u00e7\u00e3o e Assist\u00eancia Social, Patr\u00edcia Jord\u00e3o Mion, e a coordenadora do CRAS, Nayane Milhoci de Almeida, participaram da 1\u00b0 Reuni\u00e3o Geral da Associa\u00e7\u00e3o da Frente Paulista dos Dirigentes P\u00fablicos da Assist\u00eancia Social &#8211; COEGEMAS.<br \/>\nA reuni\u00e3o contou com a discuss\u00e3o de algumas pautas estaduais e tamb\u00e9m com a palestra &#8220;Gest\u00e3o de Risco, Desastres e Emerg\u00eancias&#8221; ministrada por Renata Aparecida Ferreira.<br \/>\nO objetivo \u00e9 ampliar os conhecimentos t\u00e9cnicos, fortalecer a pol\u00edtica da assist\u00eancia social no munic\u00edpio e compartilhar experi\u00eancias entre os munic\u00edpios participantes da reuni\u00e3o.<\/p>\n","protected":false},"excerpt":{"rendered":"<p>Na manh\u00e3 dessa quarta-feira (23), a diretora do Departamento de Promo\u00e7\u00e3o e Assist\u00eancia Social, Patr\u00edcia Jord\u00e3o Mion, e a coordenadora<\/p>\n","protected":false},"author":1,"featured_media":6782,"comment_status":"closed","ping_status":"open","sticky":false,"template":"","format":"standard","meta":{"footnotes":""},"categories":[43],"tags":[],"class_list":["post-6781","post","type-post","status-publish","format-standard","has-post-thumbnail","hentry","category-assistenciasocial"],"_links":{"self":[{"href":"https:\/\/www.santaritadopassaquatro.sp.gov.br\/portal\/wp-json\/wp\/v2\/posts\/6781","targetHints":{"allow":["GET"]}}],"collection":[{"href":"https:\/\/www.santaritadopassaquatro.sp.gov.br\/portal\/wp-json\/wp\/v2\/posts"}],"about":[{"href":"https:\/\/www.santaritadopassaquatro.sp.gov.br\/portal\/wp-json\/wp\/v2\/types\/post"}],"author":[{"embeddable":true,"href":"https:\/\/www.santaritadopassaquatro.sp.gov.br\/portal\/wp-json\/wp\/v2\/users\/1"}],"replies":[{"embeddable":true,"href":"https:\/\/www.santaritadopassaquatro.sp.gov.br\/portal\/wp-json\/wp\/v2\/comments?post=6781"}],"version-history":[{"count":1,"href":"https:\/\/www.santaritadopassaquatro.sp.gov.br\/portal\/wp-json\/wp\/v2\/posts\/6781\/revisions"}],"predecessor-version":[{"id":6783,"href":"https:\/\/www.santaritadopassaquatro.sp.gov.br\/portal\/wp-json\/wp\/v2\/posts\/6781\/revisions\/6783"}],"wp:featuredmedia":[{"embeddable":true,"href":"https:\/\/www.santaritadopassaquatro.sp.gov.br\/portal\/wp-json\/wp\/v2\/media\/6782"}],"wp:attachment":[{"href":"https:\/\/www.santaritadopassaquatro.sp.gov.br\/portal\/wp-json\/wp\/v2\/media?parent=6781"}],"wp:term":[{"taxonomy":"category","embeddable":true,"href":"https:\/\/www.santaritadopassaquatro.sp.gov.br\/portal\/wp-json\/wp\/v2\/categories?post=6781"},{"taxonomy":"post_tag","embeddable":true,"href":"https:\/\/www.santaritadopassaquatro.sp.gov.br\/portal\/wp-json\/wp\/v2\/tags?post=6781"}],"curies":[{"name":"wp","href":"https:\/\/api.w.org\/{rel}","templated":true}]}}