{"id":6804,"date":"2022-06-30T16:41:10","date_gmt":"2022-06-30T19:41:10","guid":{"rendered":"http:\/\/www.santaritadopassaquatro.sp.gov.br\/portal\/?p=6804"},"modified":"2022-07-21T16:42:12","modified_gmt":"2022-07-21T19:42:12","slug":"programa-crianca-feliz-santa-rita-do-passa-quatro","status":"publish","type":"post","link":"https:\/\/www.santaritadopassaquatro.sp.gov.br\/portal\/programa-crianca-feliz-santa-rita-do-passa-quatro\/","title":{"rendered":"PROGRAMA CRIAN\u00c7A FELIZ &#8211; SANTA RITA DO PASSA QUATRO"},"content":{"rendered":"<p>DEPARTAMENTO DE ASSIST\u00caNCIA SOCIAL IMPLANTA PROGRAMA CRIAN\u00c7A FELIZ<br \/>\nO Departamento de Promo\u00e7\u00e3o e Assist\u00eancia Social implantou o Programa \u201cCrian\u00e7a Feliz\u201d, importante ferramenta para que fam\u00edlias com crian\u00e7as entre zero e seis anos ofere\u00e7am a seus pequenos meios para promover seu desenvolvimento integral.<br \/>\nO projeto \u00e9 coordenado pela Sabrina de C\u00e1ssia Sant\u2019ana, e conta com todo o apoio do Prefeito Marcelo Sim\u00e3o e da diretora do departamento, Patr\u00edcia de C\u00e1ssia Jord\u00e3o Mion.<br \/>\n\u00c9 uma estrat\u00e9gia alinhada ao Marco legal da Primeira Inf\u00e2ncia que traz as diretrizes para a formula\u00e7\u00e3o e a implementa\u00e7\u00e3o de pol\u00edticas p\u00fablicas para a primeira inf\u00e2ncia em aten\u00e7\u00e3o \u00e0 especificidade e \u00e0 relev\u00e2ncia dos primeiros anos de vida no desenvolvimento infantil e no desenvolvimento do ser humano.<br \/>\nO Crian\u00e7a Feliz tem como p\u00fablico priorit\u00e1rio:<br \/>\na) gestantes, crian\u00e7as de at\u00e9 3 (tr\u00eas) anos e suas fam\u00edlias inscritas no Cadastro \u00danico;<br \/>\nb) crian\u00e7as de at\u00e9 6 (seis) anos e suas fam\u00edlias benefici\u00e1rias do BPC2;<br \/>\nc) crian\u00e7as de at\u00e9 6 (seis) anos afastadas do conv\u00edvio familiar em raz\u00e3o da aplica\u00e7\u00e3o de medida protetiva prevista no Estatuto da Crian\u00e7a e do Adolescente.<br \/>\nd) crian\u00e7as de at\u00e9 72 (setenta e dois) meses inseridas no Cadastro \u00danico para Programas Sociais do Governo Federal &#8211; Cad\u00danico, que perderam ao menos um de seus respons\u00e1veis familiares, independente da causa de morte, durante o per\u00edodo Emerg\u00eancia em Sa\u00fade P\u00fablica de Import\u00e2ncia Nacional (ESPIN) decorrente da Covid-19.<br \/>\nO objetivo do Programa Crian\u00e7a Feliz \u00e9 promover o desenvolvimento humano a partir do apoio e do acompanhamento do desenvolvimento infantil integral na primeira inf\u00e2ncia, apoiar a gestante e a fam\u00edlia na prepara\u00e7\u00e3o para o nascimento e nos cuidados perinatais, colaborar no exerc\u00edcio da parentalidade, fortalecendo os v\u00ednculos e o papel das fam\u00edlias para o desempenho da fun\u00e7\u00e3o de cuidado, prote\u00e7\u00e3o e educa\u00e7\u00e3o de crian\u00e7as na faixa et\u00e1ria de at\u00e9 seis anos de idade, mediar o acesso da gestante, das crian\u00e7as na primeira inf\u00e2ncia e das suas fam\u00edlias \u00e0s pol\u00edticas e servi\u00e7os p\u00fablicos de que necessitem e integrar, ampliar e fortalecer a\u00e7\u00f5es de pol\u00edticas p\u00fablicas voltadas para as gestantes, crian\u00e7as na primeira inf\u00e2ncia e suas fam\u00edlias.<\/p>\n<p><a href=\"https:\/\/fb.watch\/epdP5Blb4n\/\" target=\"_blank\" rel=\"noopener\">https:\/\/fb.watch\/epdP5Blb4n\/<\/a><\/p>\n","protected":false},"excerpt":{"rendered":"<p>DEPARTAMENTO DE ASSIST\u00caNCIA SOCIAL IMPLANTA PROGRAMA CRIAN\u00c7A FELIZ O Departamento de Promo\u00e7\u00e3o e Assist\u00eancia Social implantou o Programa \u201cCrian\u00e7a Feliz\u201d,<\/p>\n","protected":false},"author":1,"featured_media":0,"comment_status":"closed","ping_status":"open","sticky":false,"template":"","format":"standard","meta":{"footnotes":""},"categories":[43],"tags":[],"class_list":["post-6804","post","type-post","status-publish","format-standard","hentry","category-assistenciasocial"],"_links":{"self":[{"href":"https:\/\/www.santaritadopassaquatro.sp.gov.br\/portal\/wp-json\/wp\/v2\/posts\/6804","targetHints":{"allow":["GET"]}}],"collection":[{"href":"https:\/\/www.santaritadopassaquatro.sp.gov.br\/portal\/wp-json\/wp\/v2\/posts"}],"about":[{"href":"https:\/\/www.santaritadopassaquatro.sp.gov.br\/portal\/wp-json\/wp\/v2\/types\/post"}],"author":[{"embeddable":true,"href":"https:\/\/www.santaritadopassaquatro.sp.gov.br\/portal\/wp-json\/wp\/v2\/users\/1"}],"replies":[{"embeddable":true,"href":"https:\/\/www.santaritadopassaquatro.sp.gov.br\/portal\/wp-json\/wp\/v2\/comments?post=6804"}],"version-history":[{"count":1,"href":"https:\/\/www.santaritadopassaquatro.sp.gov.br\/portal\/wp-json\/wp\/v2\/posts\/6804\/revisions"}],"predecessor-version":[{"id":6805,"href":"https:\/\/www.santaritadopassaquatro.sp.gov.br\/portal\/wp-json\/wp\/v2\/posts\/6804\/revisions\/6805"}],"wp:attachment":[{"href":"https:\/\/www.santaritadopassaquatro.sp.gov.br\/portal\/wp-json\/wp\/v2\/media?parent=6804"}],"wp:term":[{"taxonomy":"category","embeddable":true,"href":"https:\/\/www.santaritadopassaquatro.sp.gov.br\/portal\/wp-json\/wp\/v2\/categories?post=6804"},{"taxonomy":"post_tag","embeddable":true,"href":"https:\/\/www.santaritadopassaquatro.sp.gov.br\/portal\/wp-json\/wp\/v2\/tags?post=6804"}],"curies":[{"name":"wp","href":"https:\/\/api.w.org\/{rel}","templated":true}]}}