{"id":6817,"date":"2022-05-11T13:36:01","date_gmt":"2022-05-11T16:36:01","guid":{"rendered":"http:\/\/www.santaritadopassaquatro.sp.gov.br\/portal\/?p=6817"},"modified":"2022-07-22T13:37:06","modified_gmt":"2022-07-22T16:37:06","slug":"fundo-social-promove-formatura-de-tres-cursos-oferecidos-em-parceria-com-o-senai","status":"publish","type":"post","link":"https:\/\/www.santaritadopassaquatro.sp.gov.br\/portal\/fundo-social-promove-formatura-de-tres-cursos-oferecidos-em-parceria-com-o-senai\/","title":{"rendered":"FUNDO SOCIAL PROMOVE FORMATURA DE TR\u00caS CURSOS OFERECIDOS EM PARCERIA COM O SENAI"},"content":{"rendered":"<p>No \u00faltimo dia 6 de maio, a Prefeitura realizou a formatura para a entrega do certificado aos alunos que conclu\u00edram tr\u00eas cursos no Fundo Social de Solidariedade ministrado pelo SENAI. Os mun\u00edcipes que conclu\u00edram os cursos de Costureiro (reta e overloque), Auxiliar Administrativo e Soldador ao Arco El\u00e9trico Multiprocesso, receberam o certificado no Centro Cultural M\u00e1rio Covas.<br \/>\nO evento contou com a presen\u00e7a do Prefeito Marcelo Sim\u00e3o, que citou o sucesso da parceria feita com o SENAI: \u201cDesde o primeiro dia de nossa gest\u00e3o, pedimos ao Luciano para trazer muitos cursos do SENAI para a cidade. Se n\u00f3s queremos gerar empregos, precisamos capacitar a popula\u00e7\u00e3o, para estarem preparados para ocupar muitas ofertas de trabalho, mas que n\u00e3o existem pessoas capacitadas. Parab\u00e9ns a todos os concluintes dos cursos. Podem ter certeza que muitos cursos ser\u00e3o disponibilizados em breve\u201d.<br \/>\nA cerim\u00f4nia foi apresentada pelo diretor administrativo Luciano D\u2019\u00e1vila, e a mesa de autoridades contou com as presen\u00e7as do Professor M\u00e1rcio Reis \u2014 Vice-Prefeito, Mislene C\u00e2ndido Reis \u2014 Presidente do Fundo Social de Solidariedade, Patr\u00edcia Jord\u00e3o Mion \u2014 Diretora da Assist\u00eancia Social, Gilberto Bentlin Junior Verdun \u2014 Vereador, Silmara Viana \u2013 Coordenadora do Fundo Social, e Luciano Casagrande \u2013 Coordenador Regional do SENAI.<br \/>\nA trilha sonora do evento foi administrada pela musicista Norma Jamus Villela, trazendo os hinos nacional e municipal ao som do piano.<\/p>\n","protected":false},"excerpt":{"rendered":"<p>No \u00faltimo dia 6 de maio, a Prefeitura realizou a formatura para a entrega do certificado aos alunos que conclu\u00edram<\/p>\n","protected":false},"author":1,"featured_media":6818,"comment_status":"closed","ping_status":"open","sticky":false,"template":"","format":"standard","meta":{"footnotes":""},"categories":[62],"tags":[],"class_list":["post-6817","post","type-post","status-publish","format-standard","has-post-thumbnail","hentry","category-fundo-social"],"_links":{"self":[{"href":"https:\/\/www.santaritadopassaquatro.sp.gov.br\/portal\/wp-json\/wp\/v2\/posts\/6817","targetHints":{"allow":["GET"]}}],"collection":[{"href":"https:\/\/www.santaritadopassaquatro.sp.gov.br\/portal\/wp-json\/wp\/v2\/posts"}],"about":[{"href":"https:\/\/www.santaritadopassaquatro.sp.gov.br\/portal\/wp-json\/wp\/v2\/types\/post"}],"author":[{"embeddable":true,"href":"https:\/\/www.santaritadopassaquatro.sp.gov.br\/portal\/wp-json\/wp\/v2\/users\/1"}],"replies":[{"embeddable":true,"href":"https:\/\/www.santaritadopassaquatro.sp.gov.br\/portal\/wp-json\/wp\/v2\/comments?post=6817"}],"version-history":[{"count":1,"href":"https:\/\/www.santaritadopassaquatro.sp.gov.br\/portal\/wp-json\/wp\/v2\/posts\/6817\/revisions"}],"predecessor-version":[{"id":6819,"href":"https:\/\/www.santaritadopassaquatro.sp.gov.br\/portal\/wp-json\/wp\/v2\/posts\/6817\/revisions\/6819"}],"wp:featuredmedia":[{"embeddable":true,"href":"https:\/\/www.santaritadopassaquatro.sp.gov.br\/portal\/wp-json\/wp\/v2\/media\/6818"}],"wp:attachment":[{"href":"https:\/\/www.santaritadopassaquatro.sp.gov.br\/portal\/wp-json\/wp\/v2\/media?parent=6817"}],"wp:term":[{"taxonomy":"category","embeddable":true,"href":"https:\/\/www.santaritadopassaquatro.sp.gov.br\/portal\/wp-json\/wp\/v2\/categories?post=6817"},{"taxonomy":"post_tag","embeddable":true,"href":"https:\/\/www.santaritadopassaquatro.sp.gov.br\/portal\/wp-json\/wp\/v2\/tags?post=6817"}],"curies":[{"name":"wp","href":"https:\/\/api.w.org\/{rel}","templated":true}]}}