{"id":6820,"date":"2021-11-24T13:37:57","date_gmt":"2021-11-24T16:37:57","guid":{"rendered":"http:\/\/www.santaritadopassaquatro.sp.gov.br\/portal\/?p=6820"},"modified":"2022-07-22T13:39:49","modified_gmt":"2022-07-22T16:39:49","slug":"turma-da-frente-de-trabalho-conclui-curso-de-capacitacao-oferecido-pelo-senai","status":"publish","type":"post","link":"https:\/\/www.santaritadopassaquatro.sp.gov.br\/portal\/turma-da-frente-de-trabalho-conclui-curso-de-capacitacao-oferecido-pelo-senai\/","title":{"rendered":"TURMA DA FRENTE DE TRABALHO CONCLUI CURSO DE CAPACITA\u00c7\u00c3O OFERECIDO PELO SENAI"},"content":{"rendered":"<p>Nesta quarta-feira (24), os Colaboradores da Frente de Trabalho conclu\u00edram o Curso \u201cO Mundo do Trabalho, Seus Aspectos Financeiros e o Meio Ambiente\u201d, oferecido gratuitamente pelo SENAI, em parceria com a Prefeitura de Santa Rita. O Curso tem como objetivo recolocar os bolsistas da Frente de Trabalho no Mercado e conta com o apoio do Departamento de Assist\u00eancia e Promo\u00e7\u00e3o Social.<br \/>\nO Coordenador do SENAI, Luciano Casagrande, enalteceu a gest\u00e3o por buscar a parceria com o SENAI: \u201cEu quero agradecer a oportunidade que nos deram de trabalhar em parceria com esta administra\u00e7\u00e3o, temos muita satisfa\u00e7\u00e3o em saber que o Prefeito Marcelo Sim\u00e3o tem muita vontade em trazer o SENAI para Santa Rita, e j\u00e1 trouxemos alguns cursos, na \u00e1rea industrial, de pessoas e de recoloca\u00e7\u00e3o no mercado de trabalho. Este curso foi criado exclusivamente para atender aos bolsistas da Frente de Trabalho\u201d.<br \/>\nO Prefeito Marcelo Sim\u00e3o enalteceu o trabalho que vem sendo executado por todos e citou que os cursos oferecidos pelo SENAI s\u00e3o para dar mais oportunidades a todos: \u201cO SENAI \u00e9 uma das maiores institui\u00e7\u00f5es de ensino do Mundo, e somos eternamente gratos por voc\u00eas terem trazidos esses cursos para Santa Rita. E que venham muito mais. A gente v\u00ea voc\u00eas, bolsistas, trabalhando pelas ruas e nos enchem de orgulho, nossa cidade \u00e9 muito elogiada pela limpeza e zeladoria, e isso \u00e9 fruto do trabalho de cada um de voc\u00eas. Eu agrade\u00e7o muito, com este certificado de capacita\u00e7\u00e3o que cada um de voc\u00eas receber\u00e1 me d\u00e1 a certeza que voar\u00e3o cada vez mais alto. Somos muito gratos, mas esperamos que a Frente de Trabalho seja apenas uma passagem, que muito em breve voc\u00eas saiam daqui para uma empresa, com um trabalho que lhes ofere\u00e7am o que realmente merecem. Que voem cada vez mais alto e ficaremos aqui aplaudindo voc\u00eas\u201d.<\/p>\n<p><img decoding=\"async\" class=\"aligncenter size-full wp-image-6822\" src=\"http:\/\/www.santaritadopassaquatro.sp.gov.br\/portal\/wp-content\/uploads\/2022\/07\/eac3f63a-2c8a-4f93-b47c-d9eb12d29fc2.jpg\" alt=\"\" width=\"1280\" height=\"853\" \/><\/p>\n","protected":false},"excerpt":{"rendered":"<p>Nesta quarta-feira (24), os Colaboradores da Frente de Trabalho conclu\u00edram o Curso \u201cO Mundo do Trabalho, Seus Aspectos Financeiros e<\/p>\n","protected":false},"author":1,"featured_media":6821,"comment_status":"closed","ping_status":"open","sticky":false,"template":"","format":"standard","meta":{"footnotes":""},"categories":[43,53],"tags":[],"class_list":["post-6820","post","type-post","status-publish","format-standard","has-post-thumbnail","hentry","category-assistenciasocial","category-meio-ambiente"],"_links":{"self":[{"href":"https:\/\/www.santaritadopassaquatro.sp.gov.br\/portal\/wp-json\/wp\/v2\/posts\/6820","targetHints":{"allow":["GET"]}}],"collection":[{"href":"https:\/\/www.santaritadopassaquatro.sp.gov.br\/portal\/wp-json\/wp\/v2\/posts"}],"about":[{"href":"https:\/\/www.santaritadopassaquatro.sp.gov.br\/portal\/wp-json\/wp\/v2\/types\/post"}],"author":[{"embeddable":true,"href":"https:\/\/www.santaritadopassaquatro.sp.gov.br\/portal\/wp-json\/wp\/v2\/users\/1"}],"replies":[{"embeddable":true,"href":"https:\/\/www.santaritadopassaquatro.sp.gov.br\/portal\/wp-json\/wp\/v2\/comments?post=6820"}],"version-history":[{"count":1,"href":"https:\/\/www.santaritadopassaquatro.sp.gov.br\/portal\/wp-json\/wp\/v2\/posts\/6820\/revisions"}],"predecessor-version":[{"id":6823,"href":"https:\/\/www.santaritadopassaquatro.sp.gov.br\/portal\/wp-json\/wp\/v2\/posts\/6820\/revisions\/6823"}],"wp:featuredmedia":[{"embeddable":true,"href":"https:\/\/www.santaritadopassaquatro.sp.gov.br\/portal\/wp-json\/wp\/v2\/media\/6821"}],"wp:attachment":[{"href":"https:\/\/www.santaritadopassaquatro.sp.gov.br\/portal\/wp-json\/wp\/v2\/media?parent=6820"}],"wp:term":[{"taxonomy":"category","embeddable":true,"href":"https:\/\/www.santaritadopassaquatro.sp.gov.br\/portal\/wp-json\/wp\/v2\/categories?post=6820"},{"taxonomy":"post_tag","embeddable":true,"href":"https:\/\/www.santaritadopassaquatro.sp.gov.br\/portal\/wp-json\/wp\/v2\/tags?post=6820"}],"curies":[{"name":"wp","href":"https:\/\/api.w.org\/{rel}","templated":true}]}}