{"id":6824,"date":"2021-10-16T13:40:42","date_gmt":"2021-10-16T16:40:42","guid":{"rendered":"http:\/\/www.santaritadopassaquatro.sp.gov.br\/portal\/?p=6824"},"modified":"2022-07-22T13:42:10","modified_gmt":"2022-07-22T16:42:10","slug":"evento-para-as-criancas-sacode-a-estrela","status":"publish","type":"post","link":"https:\/\/www.santaritadopassaquatro.sp.gov.br\/portal\/evento-para-as-criancas-sacode-a-estrela\/","title":{"rendered":"EVENTO PARA AS CRIAN\u00c7AS SACODE A ESTRELA"},"content":{"rendered":"<p>Mais um s\u00e1bado de muita alegria e divers\u00e3o para as crian\u00e7as de Santa Rita, dessa vez na Pra\u00e7a de Santa Cruz da Estrela.<br \/>\nO Evento Sacode Estrela levou atra\u00e7\u00f5es circenses, futebol de sab\u00e3o, tobog\u00e3, v\u00f4lei, pula-pula, pipocas, lanches, algod\u00e3o-doce, suco e \u00e1gua. Mais de 150 pessoas compareceram ao evento para se divertir.<br \/>\nParabenizo todos os funcion\u00e1rios da Prefeitura, principalmente dos departamentos de Esportes e Lazer, Servi\u00e7os Municipais e Assist\u00eancia Social, que ajudaram a transformar o s\u00e1bado em mais um dia de alegria \u00e0s nossas crian\u00e7as.<\/p>\n<p><img decoding=\"async\" class=\"aligncenter size-full wp-image-6825\" src=\"http:\/\/www.santaritadopassaquatro.sp.gov.br\/portal\/wp-content\/uploads\/2022\/07\/WhatsApp-Image-2022-07-21-at-13.34.25.jpeg\" alt=\"\" width=\"1280\" height=\"853\" \/> <img decoding=\"async\" class=\"aligncenter size-large wp-image-6826\" src=\"http:\/\/www.santaritadopassaquatro.sp.gov.br\/portal\/wp-content\/uploads\/2022\/07\/WhatsApp-Image-2022-07-21-at-13.34.33.jpeg\" alt=\"\" width=\"800\" height=\"533\" \/> <img decoding=\"async\" class=\"aligncenter size-large wp-image-6827\" src=\"http:\/\/www.santaritadopassaquatro.sp.gov.br\/portal\/wp-content\/uploads\/2022\/07\/WhatsApp-Image-2022-07-21-at-13.34.39.jpeg\" alt=\"\" width=\"800\" height=\"533\" \/><\/p>\n","protected":false},"excerpt":{"rendered":"<p>Mais um s\u00e1bado de muita alegria e divers\u00e3o para as crian\u00e7as de Santa Rita, dessa vez na Pra\u00e7a de Santa<\/p>\n","protected":false},"author":1,"featured_media":6828,"comment_status":"closed","ping_status":"open","sticky":false,"template":"","format":"standard","meta":{"footnotes":""},"categories":[43],"tags":[],"class_list":["post-6824","post","type-post","status-publish","format-standard","has-post-thumbnail","hentry","category-assistenciasocial"],"_links":{"self":[{"href":"https:\/\/www.santaritadopassaquatro.sp.gov.br\/portal\/wp-json\/wp\/v2\/posts\/6824","targetHints":{"allow":["GET"]}}],"collection":[{"href":"https:\/\/www.santaritadopassaquatro.sp.gov.br\/portal\/wp-json\/wp\/v2\/posts"}],"about":[{"href":"https:\/\/www.santaritadopassaquatro.sp.gov.br\/portal\/wp-json\/wp\/v2\/types\/post"}],"author":[{"embeddable":true,"href":"https:\/\/www.santaritadopassaquatro.sp.gov.br\/portal\/wp-json\/wp\/v2\/users\/1"}],"replies":[{"embeddable":true,"href":"https:\/\/www.santaritadopassaquatro.sp.gov.br\/portal\/wp-json\/wp\/v2\/comments?post=6824"}],"version-history":[{"count":1,"href":"https:\/\/www.santaritadopassaquatro.sp.gov.br\/portal\/wp-json\/wp\/v2\/posts\/6824\/revisions"}],"predecessor-version":[{"id":6829,"href":"https:\/\/www.santaritadopassaquatro.sp.gov.br\/portal\/wp-json\/wp\/v2\/posts\/6824\/revisions\/6829"}],"wp:featuredmedia":[{"embeddable":true,"href":"https:\/\/www.santaritadopassaquatro.sp.gov.br\/portal\/wp-json\/wp\/v2\/media\/6828"}],"wp:attachment":[{"href":"https:\/\/www.santaritadopassaquatro.sp.gov.br\/portal\/wp-json\/wp\/v2\/media?parent=6824"}],"wp:term":[{"taxonomy":"category","embeddable":true,"href":"https:\/\/www.santaritadopassaquatro.sp.gov.br\/portal\/wp-json\/wp\/v2\/categories?post=6824"},{"taxonomy":"post_tag","embeddable":true,"href":"https:\/\/www.santaritadopassaquatro.sp.gov.br\/portal\/wp-json\/wp\/v2\/tags?post=6824"}],"curies":[{"name":"wp","href":"https:\/\/api.w.org\/{rel}","templated":true}]}}