{"id":683,"date":"2019-02-04T15:49:04","date_gmt":"2019-02-04T17:49:04","guid":{"rendered":"http:\/\/www.santaritadopassaquatro.sp.gov.br\/portal\/?p=683"},"modified":"2019-02-04T15:49:04","modified_gmt":"2019-02-04T17:49:04","slug":"volta-as-aulas-na-rede-municipal-acontece-a-partir-desta-segunda-feira","status":"publish","type":"post","link":"https:\/\/www.santaritadopassaquatro.sp.gov.br\/portal\/volta-as-aulas-na-rede-municipal-acontece-a-partir-desta-segunda-feira\/","title":{"rendered":"Volta as aulas na Rede Municipal acontece \u00e0 partir desta segunda-feira"},"content":{"rendered":"<p><strong><em><img decoding=\"async\" class=\"alignnone size-medium wp-image-488 alignleft\" src=\"http:\/\/www.santaritadopassaquatro.sp.gov.br\/portal\/wp-content\/uploads\/2019\/01\/volta_aulas_1_w-300x225.jpg\" alt=\"\" width=\"300\" height=\"225\" srcset=\"https:\/\/www.santaritadopassaquatro.sp.gov.br\/portal\/wp-content\/uploads\/2019\/01\/volta_aulas_1_w-300x225.jpg 300w, https:\/\/www.santaritadopassaquatro.sp.gov.br\/portal\/wp-content\/uploads\/2019\/01\/volta_aulas_1_w-768x576.jpg 768w, https:\/\/www.santaritadopassaquatro.sp.gov.br\/portal\/wp-content\/uploads\/2019\/01\/volta_aulas_1_w-1024x768.jpg 1024w\" sizes=\"(max-width: 300px) 100vw, 300px\" \/>Ao todo s\u00e3o mais de 2 mil alunos em nove escolas municipais de ensino infantil e fundamental e creches <\/em><\/strong><\/p>\n<p>&nbsp;<\/p>\n<p>O ano letivo de 2019, na Rede Municipal de ensino de Santa Rita do Passa Quatro, come\u00e7a oficialmente na pr\u00f3xima segunda-feira (4\/2). Ao todo s\u00e3o 2.190 crian\u00e7as de Ensino Infantil e Fundamental, iniciando suas atividades escolares, incluindo as creches municipais.<\/p>\n<p>De acordo com o calend\u00e1rio elaborado pelo Departamento Municipal de Educa\u00e7\u00e3o, o in\u00edcio das atividades para as crian\u00e7as das creches, e primeiro anos do Ensino Fundamental (EMEF), e Jardim I do Ensino Infantil (EMEI), ser\u00e1 no dia 4 de fevereiro, segunda-feira. Alunos do Jardim II e demais anos do Ensino Fundamental come\u00e7am o ano letivo na ter\u00e7a-feira, 5 de fevereiro.<\/p>\n<p>A data diferenciada para rec\u00e9m-chegados tem como objetivo proporcionar uma melhor recep\u00e7\u00e3o, com atendimento exclusivo aos novatos.<\/p>\n<p>Para os professores, os trabalhos j\u00e1 iniciam com atividades de planejamento e preparativos das aulas.<\/p>\n<p>A volta \u00e0s aulas na Rede Municipal de Ensino envolve quase 300 profissionais de v\u00e1rios setores no Departamento de Educa\u00e7\u00e3o, nas escolas EMEF Madre Carmelita, EMEF Francisco Ribeiro, EMEF CAIC Laura Suriani Barbuio, EMEF Jo\u00e3o Baptista da Rocha Corr\u00eaa (Estrela), EMEI Prof\u00aa Galdina Lima Segatto, EMEI Maria Am\u00e9lia Vanzella de Gobbi, EMEI Jo\u00e3o Prud\u00eancio Ribeiro (Estrela) e EMEI Jo\u00e3o Batista Rodrigues Ribaldo. Em fun\u00e7\u00e3o do aumento da demanda, a creche R\u00f4mulo Bortolini voltou a ser creche\/escola para atender alunos de Jardim I (Ed. Infantil).<\/p>\n<p>Al\u00e9m das aulas regulamentares, algumas escolas municipais oferecem o projeto Contraturno, que visa manter as crian\u00e7as na escola no per\u00edodo alternado ao da aula, com atividades l\u00fadicas de recrea\u00e7\u00e3o e esportivas, aulas de ingl\u00eas, inform\u00e1tica, m\u00fasica, refor\u00e7o de portugu\u00eas e matem\u00e1tica, educa\u00e7\u00e3o ambiental (horta escolar), oficinas de leitura e escrita e trabalhos manuais.<\/p>\n<p>Para os alunos da Zona Rural \u00e9 oferecido transporte di\u00e1rio das mais de 300 propriedades rurais do munic\u00edpio \u00e0s escolas p\u00fablicas da rede municipal e estadual, nos per\u00edodos da manh\u00e3 tarde e noite.<\/p>\n<p><strong>\u00a0<\/strong><\/p>\n<p>&nbsp;<\/p>\n<p>&nbsp;<\/p>\n","protected":false},"excerpt":{"rendered":"<p>Ao todo s\u00e3o mais de 2 mil alunos em nove escolas municipais de ensino infantil e fundamental e creches &nbsp;<\/p>\n","protected":false},"author":1,"featured_media":0,"comment_status":"closed","ping_status":"open","sticky":false,"template":"","format":"standard","meta":{"footnotes":""},"categories":[28],"tags":[],"class_list":["post-683","post","type-post","status-publish","format-standard","hentry","category-educacao"],"_links":{"self":[{"href":"https:\/\/www.santaritadopassaquatro.sp.gov.br\/portal\/wp-json\/wp\/v2\/posts\/683","targetHints":{"allow":["GET"]}}],"collection":[{"href":"https:\/\/www.santaritadopassaquatro.sp.gov.br\/portal\/wp-json\/wp\/v2\/posts"}],"about":[{"href":"https:\/\/www.santaritadopassaquatro.sp.gov.br\/portal\/wp-json\/wp\/v2\/types\/post"}],"author":[{"embeddable":true,"href":"https:\/\/www.santaritadopassaquatro.sp.gov.br\/portal\/wp-json\/wp\/v2\/users\/1"}],"replies":[{"embeddable":true,"href":"https:\/\/www.santaritadopassaquatro.sp.gov.br\/portal\/wp-json\/wp\/v2\/comments?post=683"}],"version-history":[{"count":1,"href":"https:\/\/www.santaritadopassaquatro.sp.gov.br\/portal\/wp-json\/wp\/v2\/posts\/683\/revisions"}],"predecessor-version":[{"id":684,"href":"https:\/\/www.santaritadopassaquatro.sp.gov.br\/portal\/wp-json\/wp\/v2\/posts\/683\/revisions\/684"}],"wp:attachment":[{"href":"https:\/\/www.santaritadopassaquatro.sp.gov.br\/portal\/wp-json\/wp\/v2\/media?parent=683"}],"wp:term":[{"taxonomy":"category","embeddable":true,"href":"https:\/\/www.santaritadopassaquatro.sp.gov.br\/portal\/wp-json\/wp\/v2\/categories?post=683"},{"taxonomy":"post_tag","embeddable":true,"href":"https:\/\/www.santaritadopassaquatro.sp.gov.br\/portal\/wp-json\/wp\/v2\/tags?post=683"}],"curies":[{"name":"wp","href":"https:\/\/api.w.org\/{rel}","templated":true}]}}