{"id":689,"date":"2019-02-04T15:56:59","date_gmt":"2019-02-04T17:56:59","guid":{"rendered":"http:\/\/www.santaritadopassaquatro.sp.gov.br\/portal\/?p=689"},"modified":"2019-02-04T15:56:59","modified_gmt":"2019-02-04T17:56:59","slug":"santa-rita-recebe-mais-400-atletas-em-prova-de-abertura-da-copa-soul-montain-bike","status":"publish","type":"post","link":"https:\/\/www.santaritadopassaquatro.sp.gov.br\/portal\/santa-rita-recebe-mais-400-atletas-em-prova-de-abertura-da-copa-soul-montain-bike\/","title":{"rendered":"Santa Rita recebe mais 400 atletas em prova de abertura da Copa Soul Montain Bike"},"content":{"rendered":"<p><strong><em>Evento promovido com apoio do Departamento Municipal de Turismo aconteceu no \u00faltimo domingo, com largada e chegada no Clube de Campo <\/em><\/strong><\/p>\n<p><em>\u00a0<\/em><\/p>\n<figure id=\"attachment_692\" aria-describedby=\"caption-attachment-692\" style=\"width: 300px\" class=\"wp-caption alignleft\"><img decoding=\"async\" class=\"wp-image-692 size-medium\" src=\"http:\/\/www.santaritadopassaquatro.sp.gov.br\/portal\/wp-content\/uploads\/2019\/02\/Motain_bike_foto02_prefeito_w-300x200.jpg\" alt=\"\" width=\"300\" height=\"200\" srcset=\"https:\/\/www.santaritadopassaquatro.sp.gov.br\/portal\/wp-content\/uploads\/2019\/02\/Motain_bike_foto02_prefeito_w-300x200.jpg 300w, https:\/\/www.santaritadopassaquatro.sp.gov.br\/portal\/wp-content\/uploads\/2019\/02\/Motain_bike_foto02_prefeito_w.jpg 600w\" sizes=\"(max-width: 300px) 100vw, 300px\" \/><figcaption id=\"caption-attachment-692\" class=\"wp-caption-text\"><span style=\"font-size: 8pt; color: #999999;\"><em>O prefeito e o propriet\u00e1rio da Mix Sport Robison Pagotti falando aos competidores um pouco antes da largada (AssCom\/Divulga\u00e7\u00e3o)<\/em><\/span><\/figcaption><\/figure>\n<p>Como mais uma a\u00e7\u00e3o de incentivo ao turismo, mais especificamente na \u00e1rea esportiva, Santa Rita do Passa Quatro recebeu no \u00faltimo domingo (27\/1) a prova de abertura do Circuito Paulista e Copa Soul de Mountain Bike 2019.\u00a0 O campeonato \u00e9 promovido pela empresa Mix Sports e a organiza\u00e7\u00e3o da etapa santa-ritense contou com a parceira do Projeto Associa\u00e7\u00e3o Nota 10 e o apoio do Departamento de Turismo da Prefeitura Municipal.<\/p>\n<p>Mais de 400 atletas, entre eles, grandes nomes do ciclismo paulista e atletas de outros estados. A largada aconteceu no per\u00edodo da manh\u00e3 no Parque Tur\u00edstico Municipal (Clube de Campo), onde tamb\u00e9m, aconteceu a chegada dos competidores.<\/p>\n<p>A prova \u00e9 dividida dois percursos, o Pr\u00f3, de 59 quil\u00f4metros, e o Sport, com 39 quil\u00f4metros, ambos valendo pontos para ranking do Campeonato Paulista de Montain Bike.<\/p>\n<figure id=\"attachment_690\" aria-describedby=\"caption-attachment-690\" style=\"width: 300px\" class=\"wp-caption alignright\"><img decoding=\"async\" class=\"wp-image-690 size-medium\" src=\"http:\/\/www.santaritadopassaquatro.sp.gov.br\/portal\/wp-content\/uploads\/2019\/02\/Motain_bike_foto03_largada_w-300x200.jpg\" alt=\"\" width=\"300\" height=\"200\" srcset=\"https:\/\/www.santaritadopassaquatro.sp.gov.br\/portal\/wp-content\/uploads\/2019\/02\/Motain_bike_foto03_largada_w-300x200.jpg 300w, https:\/\/www.santaritadopassaquatro.sp.gov.br\/portal\/wp-content\/uploads\/2019\/02\/Motain_bike_foto03_largada_w.jpg 600w\" sizes=\"(max-width: 300px) 100vw, 300px\" \/><figcaption id=\"caption-attachment-690\" class=\"wp-caption-text\"><span style=\"font-size: 8pt; color: #999999;\"><em>Largada da prova de abertura da Copa Soul e Circuito Paulista de Montain Bike em 2019, realizada no \u00faltimo domingo (AssCom\/Divulga\u00e7\u00e3o)<\/em><\/span><\/figcaption><\/figure>\n<p>Este foi o quinto ano que Santa Rita recebe a prova e o percurso no munic\u00edpio \u00e9 considerado por atletas e pela organiza\u00e7\u00e3o como um dos mais belos e desafiadores de todo o circuito.<\/p>\n<p>O prefeito Leandro Luciano dos Santos acompanhou a largada e toda a movimenta\u00e7\u00e3o at\u00e9 a chegada dos primeiros competidores, acompanhado do diretor do Departamento de Esportes e Turismo, Antonio Arnaldo Reatto dos Santos. Para o prefeito, o sucesso do evento comprovou, com a movimenta\u00e7\u00e3o de mais de 500 pessoas, entre atletas, familiares, equipes e organizadores, comprova a voca\u00e7\u00e3o de Santa Rita para o turismo esportivo.<\/p>\n<p>&nbsp;<\/p>\n<p>&nbsp;<\/p>\n","protected":false},"excerpt":{"rendered":"<p>Evento promovido com apoio do Departamento Municipal de Turismo aconteceu no \u00faltimo domingo, com largada e chegada no Clube de<\/p>\n","protected":false},"author":1,"featured_media":0,"comment_status":"closed","ping_status":"open","sticky":false,"template":"","format":"standard","meta":{"footnotes":""},"categories":[48,51,60],"tags":[],"class_list":["post-689","post","type-post","status-publish","format-standard","hentry","category-featured","category-sports","category-turismo"],"_links":{"self":[{"href":"https:\/\/www.santaritadopassaquatro.sp.gov.br\/portal\/wp-json\/wp\/v2\/posts\/689","targetHints":{"allow":["GET"]}}],"collection":[{"href":"https:\/\/www.santaritadopassaquatro.sp.gov.br\/portal\/wp-json\/wp\/v2\/posts"}],"about":[{"href":"https:\/\/www.santaritadopassaquatro.sp.gov.br\/portal\/wp-json\/wp\/v2\/types\/post"}],"author":[{"embeddable":true,"href":"https:\/\/www.santaritadopassaquatro.sp.gov.br\/portal\/wp-json\/wp\/v2\/users\/1"}],"replies":[{"embeddable":true,"href":"https:\/\/www.santaritadopassaquatro.sp.gov.br\/portal\/wp-json\/wp\/v2\/comments?post=689"}],"version-history":[{"count":0,"href":"https:\/\/www.santaritadopassaquatro.sp.gov.br\/portal\/wp-json\/wp\/v2\/posts\/689\/revisions"}],"wp:attachment":[{"href":"https:\/\/www.santaritadopassaquatro.sp.gov.br\/portal\/wp-json\/wp\/v2\/media?parent=689"}],"wp:term":[{"taxonomy":"category","embeddable":true,"href":"https:\/\/www.santaritadopassaquatro.sp.gov.br\/portal\/wp-json\/wp\/v2\/categories?post=689"},{"taxonomy":"post_tag","embeddable":true,"href":"https:\/\/www.santaritadopassaquatro.sp.gov.br\/portal\/wp-json\/wp\/v2\/tags?post=689"}],"curies":[{"name":"wp","href":"https:\/\/api.w.org\/{rel}","templated":true}]}}