{"id":694,"date":"2019-02-04T16:06:41","date_gmt":"2019-02-04T18:06:41","guid":{"rendered":"http:\/\/www.santaritadopassaquatro.sp.gov.br\/portal\/?p=694"},"modified":"2019-02-04T16:06:41","modified_gmt":"2019-02-04T18:06:41","slug":"atleta-do-futuro-prefeito-assina-convenio-com-sesi-sp-durante-abertura-do-1o-camping-de-atletismo","status":"publish","type":"post","link":"https:\/\/www.santaritadopassaquatro.sp.gov.br\/portal\/atleta-do-futuro-prefeito-assina-convenio-com-sesi-sp-durante-abertura-do-1o-camping-de-atletismo\/","title":{"rendered":"ATLETA DO FUTURO &#8211; Prefeito assina conv\u00eanio com SESI-SP, durante abertura do 1\u00ba Camping de Atletismo"},"content":{"rendered":"<p><strong><em>Evento aconteceu na \u00faltima ter\u00e7a-feira, no Centro Cultural M\u00e1rio Covas, com a presen\u00e7a de dois medalhistas ol\u00edmpicos <\/em><\/strong><\/p>\n<p><strong>\u00a0<\/strong><\/p>\n<figure id=\"attachment_696\" aria-describedby=\"caption-attachment-696\" style=\"width: 300px\" class=\"wp-caption alignleft\"><img decoding=\"async\" class=\"wp-image-696 size-medium\" src=\"http:\/\/www.santaritadopassaquatro.sp.gov.br\/portal\/wp-content\/uploads\/2019\/02\/Abertura_Camp_Atletismo_w-300x200.jpg\" alt=\"\" width=\"300\" height=\"200\" srcset=\"https:\/\/www.santaritadopassaquatro.sp.gov.br\/portal\/wp-content\/uploads\/2019\/02\/Abertura_Camp_Atletismo_w-300x200.jpg 300w, https:\/\/www.santaritadopassaquatro.sp.gov.br\/portal\/wp-content\/uploads\/2019\/02\/Abertura_Camp_Atletismo_w.jpg 600w\" sizes=\"(max-width: 300px) 100vw, 300px\" \/><figcaption id=\"caption-attachment-696\" class=\"wp-caption-text\"><span style=\"font-size: 8pt; color: #999999;\"><em>Presentes na solenidade de abertura do Camp de Atletismo e assinatura de conv\u00eanio com o Sesi (AssCom\/Divulga\u00e7\u00e3o)<\/em><\/span><\/figcaption><\/figure>\n<p>Em solenidade, na manh\u00e3 da \u00faltima ter\u00e7a-feira (29\/1), o prefeito de Santa Rita do Passa Quatro, Leandro Luciano dos Santos, assinou um conv\u00eanio entre Prefeitura Municipal, Instituto Edson Luciano Ribeiro e Sesi S\u00e3o Paulo, para implanta\u00e7\u00e3o de programa esportivo de alto rendimento no Centro Ol\u00edmpico Sebasti\u00e3o Renato Zorzi.<\/p>\n<p>O conv\u00eanio para implanta\u00e7\u00e3o do programa Atleta do Futuro foi assinado em solenidade realizada no Centro Cultural M\u00e1rio Covas, com a presen\u00e7a dos ex-atletas Edson Luciano Ribeiro (medalhista ol\u00edmpico em Atlanta e Sidney), Rosemar Maria Coelho (medalhista ol\u00edmpica em Pequin), o presidente da Federa\u00e7\u00e3o Paulista de Atletismo Joel Oliveira e o diretor do Centro de Atividades do Sesi Alexandre Minghin.<\/p>\n<figure id=\"attachment_695\" aria-describedby=\"caption-attachment-695\" style=\"width: 300px\" class=\"wp-caption alignright\"><img decoding=\"async\" class=\"wp-image-695 size-medium\" src=\"http:\/\/www.santaritadopassaquatro.sp.gov.br\/portal\/wp-content\/uploads\/2019\/02\/convenio_Sesi_prefeito_assinatura_w-300x200.jpg\" alt=\"\" width=\"300\" height=\"200\" srcset=\"https:\/\/www.santaritadopassaquatro.sp.gov.br\/portal\/wp-content\/uploads\/2019\/02\/convenio_Sesi_prefeito_assinatura_w-300x200.jpg 300w, https:\/\/www.santaritadopassaquatro.sp.gov.br\/portal\/wp-content\/uploads\/2019\/02\/convenio_Sesi_prefeito_assinatura_w.jpg 600w\" sizes=\"(max-width: 300px) 100vw, 300px\" \/><figcaption id=\"caption-attachment-695\" class=\"wp-caption-text\"><span style=\"font-size: 8pt; color: #999999;\"><em>O prefeito durante assinatura de conv\u00eanio do programa Atleta do Futuro (AssCom\/Divulga\u00e7\u00e3o)<\/em><\/span><\/figcaption><\/figure>\n<p>Tamb\u00e9m estiveram presentes a vice-prefeita Maria Rita Mondin de Oliveira, o diretor do Departamento Municipal de Esportes e Turismo, Ant\u00f4nio Arnaldo Reatto dos Santos, o presidente da C\u00e2mara Municipal, Paulo Cesar Missiatto, junto com os vereadores Kleber Alessandro Borotto e Lucas Comin Loureiro, a diretora do Sesi local Silvia Thomasi Scomparin.<\/p>\n<p>A solenidade tamb\u00e9m marcou a abertura oficial do 1\u00ba Camping de Atletismo Para Capacita\u00e7\u00e3o T\u00e9cnica e Treinamento, e evento que acontece deste a \u00faltima segunda-feira (28\/1) e segue at\u00e9 este s\u00e1bado (2\/2), com uma programa\u00e7\u00e3o intensa de atividades abordando desde a inicia\u00e7\u00e3o ao esporte ao alto rendimento. Al\u00e9m dos medalhistas ol\u00edmpicos, tamb\u00e9m participam o evento o t\u00e9cnico cubano L\u00e1zaro Vel\u00e1zquez cerca de 80 atletas.<\/p>\n<figure id=\"attachment_698\" aria-describedby=\"caption-attachment-698\" style=\"width: 300px\" class=\"wp-caption alignleft\"><img decoding=\"async\" class=\"wp-image-698 size-medium\" src=\"http:\/\/www.santaritadopassaquatro.sp.gov.br\/portal\/wp-content\/uploads\/2019\/02\/convenio_Sesi_edson_luciano_assinatura_w-300x200.jpg\" alt=\"\" width=\"300\" height=\"200\" srcset=\"https:\/\/www.santaritadopassaquatro.sp.gov.br\/portal\/wp-content\/uploads\/2019\/02\/convenio_Sesi_edson_luciano_assinatura_w-300x200.jpg 300w, https:\/\/www.santaritadopassaquatro.sp.gov.br\/portal\/wp-content\/uploads\/2019\/02\/convenio_Sesi_edson_luciano_assinatura_w.jpg 600w\" sizes=\"(max-width: 300px) 100vw, 300px\" \/><figcaption id=\"caption-attachment-698\" class=\"wp-caption-text\"><span style=\"font-size: 8pt; color: #999999;\"><em>O medalhista ol\u00edmpico durante assinatura de conv\u00eanio do programa Atleta do Futuro (AssCom\/Divulga\u00e7\u00e3o)<\/em><\/span><\/figcaption><\/figure>\n<p>O Camping est\u00e1 sendo realizado pelo Instituto Edson Luciano em parceria com e Prefeitura e conta com apoio da Caixa Econ\u00f4mica Federal. As atividades acontecem no Centro Ol\u00edmpico e Centro Cultural Mario Covas.<\/p>\n<p><strong>\u00a0<\/strong><\/p>\n<p><strong>O PROGRAMA<\/strong><\/p>\n<p>Visando a cria\u00e7\u00e3o de um celeiro de forma\u00e7\u00e3o de atletas para representar a cidade, estado e pa\u00eds em competi\u00e7\u00f5es nacionais e internacionais, o Programa SESI-SP Atleta do Futuro \u00e9 uma conquista da Administra\u00e7\u00e3o Municipal, com objetivo de garantir que o Centro Ol\u00edmpico seja reconhecido com um espa\u00e7o refer\u00eancia no Estado.<\/p>\n<figure id=\"attachment_697\" aria-describedby=\"caption-attachment-697\" style=\"width: 300px\" class=\"wp-caption alignright\"><img decoding=\"async\" class=\"wp-image-697 size-medium\" src=\"http:\/\/www.santaritadopassaquatro.sp.gov.br\/portal\/wp-content\/uploads\/2019\/02\/convenio_Sesi_diretor_sesi_assinatura_w-300x200.jpg\" alt=\"\" width=\"300\" height=\"200\" srcset=\"https:\/\/www.santaritadopassaquatro.sp.gov.br\/portal\/wp-content\/uploads\/2019\/02\/convenio_Sesi_diretor_sesi_assinatura_w-300x200.jpg 300w, https:\/\/www.santaritadopassaquatro.sp.gov.br\/portal\/wp-content\/uploads\/2019\/02\/convenio_Sesi_diretor_sesi_assinatura_w-768x512.jpg 768w, https:\/\/www.santaritadopassaquatro.sp.gov.br\/portal\/wp-content\/uploads\/2019\/02\/convenio_Sesi_diretor_sesi_assinatura_w-1024x683.jpg 1024w\" sizes=\"(max-width: 300px) 100vw, 300px\" \/><figcaption id=\"caption-attachment-697\" class=\"wp-caption-text\"><span style=\"font-size: 8pt; color: #999999;\"><em>O diretor do Sesi durante assinatura de conv\u00eanio do programa Atleta do Futuro (AssCom\/Divulga\u00e7\u00e3o)<\/em><\/span><\/figcaption><\/figure>\n<p>Com mais de 25 anos de hist\u00f3ria, o programa promove forma\u00e7\u00e3o e cultura esportiva.\u00a0 Tudo oferecido gratuitamente para crian\u00e7as e jovens de 6 a 17 anos. A proposta \u00e9 contribuir para a garantia do direito de acesso ao esporte de qualidade a partir da metodologia elaborada pelo SESI-SP, que alinha o esporte ao desenvolvimento integral dos participantes. Ao promover forma\u00e7\u00e3o esportiva, o SESI-SP permite que os alunos e alunas aprendam diferentes modalidades esportivas, com conte\u00fado e estrat\u00e9gias adequadas para cada faixa et\u00e1ria. Ao difundir a cultura esportiva, a institui\u00e7\u00e3o permite que o aluno desenvolva uma rela\u00e7\u00e3o na qual o esporte fa\u00e7a parte de sua vida, seja como praticante, espectador ou profissional.<\/p>\n<p>&nbsp;<\/p>\n<p><strong>EM ANDAMENTO<\/strong><\/p>\n<p>Desde 2018, a Prefeitura realizada uma parceria com o Instituto Edson Luciano Ribeiro, no projeto \u201cCorrendo para Vencer\u201d, visando a forma\u00e7\u00e3o de atletas em modalidades ol\u00edmpicas de atletismo no Centro Ol\u00edmpico.<\/p>\n<p><em>\u00a0<\/em><\/p>\n<p><strong>\u00a0<\/strong><\/p>\n","protected":false},"excerpt":{"rendered":"<p>Evento aconteceu na \u00faltima ter\u00e7a-feira, no Centro Cultural M\u00e1rio Covas, com a presen\u00e7a de dois medalhistas ol\u00edmpicos \u00a0 Em solenidade,<\/p>\n","protected":false},"author":1,"featured_media":696,"comment_status":"closed","ping_status":"open","sticky":false,"template":"","format":"standard","meta":{"footnotes":""},"categories":[44,47,48,51,52,60],"tags":[],"class_list":["post-694","post","type-post","status-publish","format-standard","has-post-thumbnail","hentry","category-cidades","category-desenvovimento","category-featured","category-sports","category-latest","category-turismo"],"_links":{"self":[{"href":"https:\/\/www.santaritadopassaquatro.sp.gov.br\/portal\/wp-json\/wp\/v2\/posts\/694","targetHints":{"allow":["GET"]}}],"collection":[{"href":"https:\/\/www.santaritadopassaquatro.sp.gov.br\/portal\/wp-json\/wp\/v2\/posts"}],"about":[{"href":"https:\/\/www.santaritadopassaquatro.sp.gov.br\/portal\/wp-json\/wp\/v2\/types\/post"}],"author":[{"embeddable":true,"href":"https:\/\/www.santaritadopassaquatro.sp.gov.br\/portal\/wp-json\/wp\/v2\/users\/1"}],"replies":[{"embeddable":true,"href":"https:\/\/www.santaritadopassaquatro.sp.gov.br\/portal\/wp-json\/wp\/v2\/comments?post=694"}],"version-history":[{"count":0,"href":"https:\/\/www.santaritadopassaquatro.sp.gov.br\/portal\/wp-json\/wp\/v2\/posts\/694\/revisions"}],"wp:featuredmedia":[{"embeddable":true,"href":"https:\/\/www.santaritadopassaquatro.sp.gov.br\/portal\/wp-json\/wp\/v2\/media\/696"}],"wp:attachment":[{"href":"https:\/\/www.santaritadopassaquatro.sp.gov.br\/portal\/wp-json\/wp\/v2\/media?parent=694"}],"wp:term":[{"taxonomy":"category","embeddable":true,"href":"https:\/\/www.santaritadopassaquatro.sp.gov.br\/portal\/wp-json\/wp\/v2\/categories?post=694"},{"taxonomy":"post_tag","embeddable":true,"href":"https:\/\/www.santaritadopassaquatro.sp.gov.br\/portal\/wp-json\/wp\/v2\/tags?post=694"}],"curies":[{"name":"wp","href":"https:\/\/api.w.org\/{rel}","templated":true}]}}