{"id":700,"date":"2019-02-04T16:22:52","date_gmt":"2019-02-04T18:22:52","guid":{"rendered":"http:\/\/www.santaritadopassaquatro.sp.gov.br\/portal\/?p=700"},"modified":"2019-02-04T16:22:52","modified_gmt":"2019-02-04T18:22:52","slug":"prefeito-tem-agenda-em-sp-com-presidente-da-assembleia-secretario-de-governo-e-aprecesp-durante-a-semana","status":"publish","type":"post","link":"https:\/\/www.santaritadopassaquatro.sp.gov.br\/portal\/prefeito-tem-agenda-em-sp-com-presidente-da-assembleia-secretario-de-governo-e-aprecesp-durante-a-semana\/","title":{"rendered":"Prefeito tem agenda em SP com presidente da Assembleia, secret\u00e1rio de governo e Aprecesp, durante a semana"},"content":{"rendered":"<p><strong><em>Reuni\u00f5es aconteceram na ter\u00e7a e quarta-feira, quando Leandro Luciano dos Santos tamb\u00e9m presidiu reuni\u00e3o com diretoria da Associa\u00e7\u00e3o das Est\u00e2ncias<\/em><\/strong><\/p>\n<p><strong><em>\u00a0<\/em><\/strong><\/p>\n<figure id=\"attachment_703\" aria-describedby=\"caption-attachment-703\" style=\"width: 300px\" class=\"wp-caption alignleft\"><img decoding=\"async\" class=\"wp-image-703 size-medium\" src=\"http:\/\/www.santaritadopassaquatro.sp.gov.br\/portal\/wp-content\/uploads\/2019\/02\/Prefeito_reuniao_diretoria_aprecesp_w01-300x225.jpg\" alt=\"\" width=\"300\" height=\"225\" srcset=\"https:\/\/www.santaritadopassaquatro.sp.gov.br\/portal\/wp-content\/uploads\/2019\/02\/Prefeito_reuniao_diretoria_aprecesp_w01-300x225.jpg 300w, https:\/\/www.santaritadopassaquatro.sp.gov.br\/portal\/wp-content\/uploads\/2019\/02\/Prefeito_reuniao_diretoria_aprecesp_w01.jpg 600w\" sizes=\"(max-width: 300px) 100vw, 300px\" \/><figcaption id=\"caption-attachment-703\" class=\"wp-caption-text\"><span style=\"font-size: 8pt; color: #999999;\"><em>O prefeito de Santa Rita presidindo pela primeira vez uma reuni\u00e3o da com diretoria da Aprecesp (Divulga\u00e7\u00e3o)<\/em><\/span><\/figcaption><\/figure>\n<p>Ap\u00f3s a posso como presidente da Aprecesp (Associa\u00e7\u00e3o das Prefeituras das Cidades Est\u00e2ncia do Estado de S\u00e3o Paulo), o prefeito de Santa Rita do Passa Quatro, Leandro Luciano dos Santos, tem cumprindo extensa agenda de compromissos em S\u00e3o Paulo em busca de benef\u00edcios para Santa Rita e pelo desenvolvimento do turismo paulista.<\/p>\n<p>Esta semana, em viagem \u00e0 capital na ter\u00e7a e na quarta-feira, o prefeito esteve em reuni\u00e3o com o secret\u00e1rio de Desenvolvimento Regional do Estado de S\u00e3o Paulo, Marco Vinholi, com o presidente da Assembleia Legislativa paulista, deputado Cau\u00ea Macris, e com depois membros da diretoria da Aprecesp, entidade de representa as 70 est\u00e2ncias paulistas.<\/p>\n<p>A reuni\u00e3o na Assembleia Legislativa, na qual Leandro esteve acompanhado do prefeito de Holambra, Fernando Fiori de Godoy, marcou o in\u00edcio do trabalho com o novo governo do Estado, em busca de novas conquistas para Santa Rita.<\/p>\n<figure id=\"attachment_704\" aria-describedby=\"caption-attachment-704\" style=\"width: 300px\" class=\"wp-caption alignright\"><img decoding=\"async\" class=\"wp-image-704 size-medium\" src=\"http:\/\/www.santaritadopassaquatro.sp.gov.br\/portal\/wp-content\/uploads\/2019\/02\/prefeitos_presidente_alesp_w-300x225.jpg\" alt=\"\" width=\"300\" height=\"225\" srcset=\"https:\/\/www.santaritadopassaquatro.sp.gov.br\/portal\/wp-content\/uploads\/2019\/02\/prefeitos_presidente_alesp_w-300x225.jpg 300w, https:\/\/www.santaritadopassaquatro.sp.gov.br\/portal\/wp-content\/uploads\/2019\/02\/prefeitos_presidente_alesp_w.jpg 600w\" sizes=\"(max-width: 300px) 100vw, 300px\" \/><figcaption id=\"caption-attachment-704\" class=\"wp-caption-text\"><span style=\"font-size: 8pt; color: #999999;\"><em>Os prefeitos de Santa Rita e Holambra com o presidente da Assembleia Legislativa do Estado de S\u00e3o Paulo (Divulga\u00e7\u00e3o)<\/em><\/span><\/figcaption><\/figure>\n<p>No Secretaria de Desenvolvimento Regional, o prefeito esteve acompanhado dos seus companheiros na diretoria da Aprecesp, o vice-presidente Gabriel dos Santos Oliveira Rosa (Canan\u00e9ia); o 2\u00ba vice-presidente Marco Ant\u00f4nio de Oliveira (Morungaba) e o tesoureiro Ademir Maschio (Santa F\u00e9 do Sul), para convidar o secret\u00e1rio Vinholi a participar da primeira reuni\u00e3o de trabalho entre os prefeitos das 70 est\u00e2ncias que acontece nos dias 7 e 8 de mar\u00e7o, em \u00c1guas de Lindoia.<\/p>\n<p>Finalmente, na quarta-feira (30\/1), o prefeito presidiu a sua primeira reuni\u00e3o de diretoria da Aprecesp, na sede da entidade em S\u00e3o Paulo, com objetivo de tratar do avan\u00e7o do Estado de S\u00e3o Paulo no setor de Turismo, considerado como um dos mais importantes na gera\u00e7\u00e3o de emprego e renda no pa\u00eds.<\/p>\n<figure id=\"attachment_701\" aria-describedby=\"caption-attachment-701\" style=\"width: 300px\" class=\"wp-caption alignleft\"><img decoding=\"async\" class=\"wp-image-701 size-medium\" src=\"http:\/\/www.santaritadopassaquatro.sp.gov.br\/portal\/wp-content\/uploads\/2019\/02\/prefeito_aprecesp_secretario_desenvolvimento_w3-300x194.jpg\" alt=\"\" width=\"300\" height=\"194\" srcset=\"https:\/\/www.santaritadopassaquatro.sp.gov.br\/portal\/wp-content\/uploads\/2019\/02\/prefeito_aprecesp_secretario_desenvolvimento_w3-300x194.jpg 300w, https:\/\/www.santaritadopassaquatro.sp.gov.br\/portal\/wp-content\/uploads\/2019\/02\/prefeito_aprecesp_secretario_desenvolvimento_w3.jpg 600w\" sizes=\"(max-width: 300px) 100vw, 300px\" \/><figcaption id=\"caption-attachment-701\" class=\"wp-caption-text\"><span style=\"font-size: 8pt; color: #999999;\"><em>Os prefeitos da diretoria da Aprecesp com o secret\u00e1rio de Desenvolvimento Regional do Estado de S\u00e3o Paulo (Divulga\u00e7\u00e3o)<\/em><\/span><\/figcaption><\/figure>\n<p>Leandro Luciano dos Santos \u00e9 o primeiro prefeito de Santa Rita a assumir a presid\u00eancia da Aprecesp, depois de ocupar dois cargos na diretoria da entidade, 2\u00ba secret\u00e1rio (2017) e vice-presidente (2018). A posse aconteceu no \u00faltimo dia 16 de janeiro, quarta-feira, na Assembleia Legislativa do Estado de S\u00e3o Paulo.<\/p>\n<p>&nbsp;<\/p>\n<p>&nbsp;<\/p>\n<p>&nbsp;<\/p>\n","protected":false},"excerpt":{"rendered":"<p>Reuni\u00f5es aconteceram na ter\u00e7a e quarta-feira, quando Leandro Luciano dos Santos tamb\u00e9m presidiu reuni\u00e3o com diretoria da Associa\u00e7\u00e3o das Est\u00e2ncias<\/p>\n","protected":false},"author":1,"featured_media":703,"comment_status":"closed","ping_status":"open","sticky":false,"template":"","format":"standard","meta":{"footnotes":""},"categories":[44,47,48,52,57,60],"tags":[],"class_list":["post-700","post","type-post","status-publish","format-standard","has-post-thumbnail","hentry","category-cidades","category-desenvovimento","category-featured","category-latest","category-politics","category-turismo"],"_links":{"self":[{"href":"https:\/\/www.santaritadopassaquatro.sp.gov.br\/portal\/wp-json\/wp\/v2\/posts\/700","targetHints":{"allow":["GET"]}}],"collection":[{"href":"https:\/\/www.santaritadopassaquatro.sp.gov.br\/portal\/wp-json\/wp\/v2\/posts"}],"about":[{"href":"https:\/\/www.santaritadopassaquatro.sp.gov.br\/portal\/wp-json\/wp\/v2\/types\/post"}],"author":[{"embeddable":true,"href":"https:\/\/www.santaritadopassaquatro.sp.gov.br\/portal\/wp-json\/wp\/v2\/users\/1"}],"replies":[{"embeddable":true,"href":"https:\/\/www.santaritadopassaquatro.sp.gov.br\/portal\/wp-json\/wp\/v2\/comments?post=700"}],"version-history":[{"count":0,"href":"https:\/\/www.santaritadopassaquatro.sp.gov.br\/portal\/wp-json\/wp\/v2\/posts\/700\/revisions"}],"wp:featuredmedia":[{"embeddable":true,"href":"https:\/\/www.santaritadopassaquatro.sp.gov.br\/portal\/wp-json\/wp\/v2\/media\/703"}],"wp:attachment":[{"href":"https:\/\/www.santaritadopassaquatro.sp.gov.br\/portal\/wp-json\/wp\/v2\/media?parent=700"}],"wp:term":[{"taxonomy":"category","embeddable":true,"href":"https:\/\/www.santaritadopassaquatro.sp.gov.br\/portal\/wp-json\/wp\/v2\/categories?post=700"},{"taxonomy":"post_tag","embeddable":true,"href":"https:\/\/www.santaritadopassaquatro.sp.gov.br\/portal\/wp-json\/wp\/v2\/tags?post=700"}],"curies":[{"name":"wp","href":"https:\/\/api.w.org\/{rel}","templated":true}]}}