{"id":7016,"date":"2021-09-15T10:02:40","date_gmt":"2021-09-15T13:02:40","guid":{"rendered":"http:\/\/www.santaritadopassaquatro.sp.gov.br\/portal\/?p=7016"},"modified":"2022-07-23T10:03:57","modified_gmt":"2022-07-23T13:03:57","slug":"diretora-do-departamento-de-assistencia-social-participa-do-seminario-marco-regulatorio-das-organizacoes-da-sociedade-civil","status":"publish","type":"post","link":"https:\/\/www.santaritadopassaquatro.sp.gov.br\/portal\/diretora-do-departamento-de-assistencia-social-participa-do-seminario-marco-regulatorio-das-organizacoes-da-sociedade-civil\/","title":{"rendered":"Diretora do Departamento de Assist\u00eancia Social participa do semin\u00e1rio Marco Regulat\u00f3rio das Organiza\u00e7\u00f5es da Sociedade Civil"},"content":{"rendered":"<p>O Departamento de Assist\u00eancia Social, representado pela Diretora Patr\u00edcia Jord\u00e3o Mion, participou do Semin\u00e1rio #MROSC &#8211; Marco Regulat\u00f3rio das Organiza\u00e7\u00f5es da Sociedade Civil. O Semin\u00e1rio foi realizado hoje (15) pela Secretaria Estadual de Assist\u00eancia Social em parceria com o Conselho Estadual da Crian\u00e7a e Adolescente.<br \/>\nO Marco Regulat\u00f3rio das Organiza\u00e7\u00f5es da Sociedade Civil (MROSC) \u00e9 uma agenda pol\u00edtica ampla que tem o objetivo de aperfei\u00e7oar o ambiente jur\u00eddico e institucional relacionado \u00e0s Organiza\u00e7\u00f5es da Sociedade Civil e suas rela\u00e7\u00f5es de parceria com o Estado. \u00c9 uma a\u00e7\u00e3o com o intuito de fortalecimento entre as institui\u00e7\u00f5es.<br \/>\nParticiparam do evento representando as entidades municipais: Irm\u00e3 Ana Rosa &#8211; Instituto das Filhas de S\u00e3o Jos\u00e9 e o Conselho Municipal da Crian\u00e7a e Adolescente, Osires Bernegossi, representante da Casa Bel\u00e9m e Gabrieli Guerrero, representando a ABEVEC.<\/p>\n","protected":false},"excerpt":{"rendered":"<p>O Departamento de Assist\u00eancia Social, representado pela Diretora Patr\u00edcia Jord\u00e3o Mion, participou do Semin\u00e1rio #MROSC &#8211; Marco Regulat\u00f3rio das Organiza\u00e7\u00f5es<\/p>\n","protected":false},"author":1,"featured_media":7017,"comment_status":"closed","ping_status":"open","sticky":false,"template":"","format":"standard","meta":{"footnotes":""},"categories":[43],"tags":[],"class_list":["post-7016","post","type-post","status-publish","format-standard","has-post-thumbnail","hentry","category-assistenciasocial"],"_links":{"self":[{"href":"https:\/\/www.santaritadopassaquatro.sp.gov.br\/portal\/wp-json\/wp\/v2\/posts\/7016","targetHints":{"allow":["GET"]}}],"collection":[{"href":"https:\/\/www.santaritadopassaquatro.sp.gov.br\/portal\/wp-json\/wp\/v2\/posts"}],"about":[{"href":"https:\/\/www.santaritadopassaquatro.sp.gov.br\/portal\/wp-json\/wp\/v2\/types\/post"}],"author":[{"embeddable":true,"href":"https:\/\/www.santaritadopassaquatro.sp.gov.br\/portal\/wp-json\/wp\/v2\/users\/1"}],"replies":[{"embeddable":true,"href":"https:\/\/www.santaritadopassaquatro.sp.gov.br\/portal\/wp-json\/wp\/v2\/comments?post=7016"}],"version-history":[{"count":1,"href":"https:\/\/www.santaritadopassaquatro.sp.gov.br\/portal\/wp-json\/wp\/v2\/posts\/7016\/revisions"}],"predecessor-version":[{"id":7018,"href":"https:\/\/www.santaritadopassaquatro.sp.gov.br\/portal\/wp-json\/wp\/v2\/posts\/7016\/revisions\/7018"}],"wp:featuredmedia":[{"embeddable":true,"href":"https:\/\/www.santaritadopassaquatro.sp.gov.br\/portal\/wp-json\/wp\/v2\/media\/7017"}],"wp:attachment":[{"href":"https:\/\/www.santaritadopassaquatro.sp.gov.br\/portal\/wp-json\/wp\/v2\/media?parent=7016"}],"wp:term":[{"taxonomy":"category","embeddable":true,"href":"https:\/\/www.santaritadopassaquatro.sp.gov.br\/portal\/wp-json\/wp\/v2\/categories?post=7016"},{"taxonomy":"post_tag","embeddable":true,"href":"https:\/\/www.santaritadopassaquatro.sp.gov.br\/portal\/wp-json\/wp\/v2\/tags?post=7016"}],"curies":[{"name":"wp","href":"https:\/\/api.w.org\/{rel}","templated":true}]}}