{"id":7019,"date":"2021-09-16T10:04:25","date_gmt":"2021-09-16T13:04:25","guid":{"rendered":"http:\/\/www.santaritadopassaquatro.sp.gov.br\/portal\/?p=7019"},"modified":"2022-07-23T10:05:02","modified_gmt":"2022-07-23T13:05:02","slug":"fundo-social-de-solidariedade-recebe-visita-de-diretores-do-senai-jacarei","status":"publish","type":"post","link":"https:\/\/www.santaritadopassaquatro.sp.gov.br\/portal\/fundo-social-de-solidariedade-recebe-visita-de-diretores-do-senai-jacarei\/","title":{"rendered":"Fundo Social de Solidariedade recebe visita de diretores do SENAI &#8211; Jacare\u00ed"},"content":{"rendered":"<p>Nesta quinta-feira (16), o Fundo Social de Solidariedade, representado pela presidente Janeth Helen Bornhof e assessora Silmara Viana, com a presen\u00e7a do Prefeito Marcelo Sim\u00e3o, recebeu a visita de membros do SENAI do munic\u00edpio de Jacare\u00ed. Breno Ortiz Andrade, Coordenador de Relacionamento com a Ind\u00fastria, Professor Tales Justino, Diretor e Ricardo Ladeira, Coordenador Pedag\u00f3gico, vieram do munic\u00edpio de Jacare\u00ed acompanhados do Professor Carlos Eduardo Bresolin, Marcio Marinho, Diretor e Luciano Casagrande, Coordenador de Relacionamento com a Ind\u00fastria de S\u00e3o Carlos.<br \/>\nOs diretores do SENAI visitaram as estruturas e servi\u00e7os oferecidos pelo Fundo Social de Solidariedade aos mun\u00edcipes de Santa Rita do Passa Quatro, assim como os cursos que s\u00e3o oferecidos gratuitamente pela institui\u00e7\u00e3o em parceria com o SENAI &#8211; S\u00e3o Carlos.<\/p>\n","protected":false},"excerpt":{"rendered":"<p>Nesta quinta-feira (16), o Fundo Social de Solidariedade, representado pela presidente Janeth Helen Bornhof e assessora Silmara Viana, com a<\/p>\n","protected":false},"author":1,"featured_media":7020,"comment_status":"closed","ping_status":"open","sticky":false,"template":"","format":"standard","meta":{"footnotes":""},"categories":[62],"tags":[],"class_list":["post-7019","post","type-post","status-publish","format-standard","has-post-thumbnail","hentry","category-fundo-social"],"_links":{"self":[{"href":"https:\/\/www.santaritadopassaquatro.sp.gov.br\/portal\/wp-json\/wp\/v2\/posts\/7019","targetHints":{"allow":["GET"]}}],"collection":[{"href":"https:\/\/www.santaritadopassaquatro.sp.gov.br\/portal\/wp-json\/wp\/v2\/posts"}],"about":[{"href":"https:\/\/www.santaritadopassaquatro.sp.gov.br\/portal\/wp-json\/wp\/v2\/types\/post"}],"author":[{"embeddable":true,"href":"https:\/\/www.santaritadopassaquatro.sp.gov.br\/portal\/wp-json\/wp\/v2\/users\/1"}],"replies":[{"embeddable":true,"href":"https:\/\/www.santaritadopassaquatro.sp.gov.br\/portal\/wp-json\/wp\/v2\/comments?post=7019"}],"version-history":[{"count":1,"href":"https:\/\/www.santaritadopassaquatro.sp.gov.br\/portal\/wp-json\/wp\/v2\/posts\/7019\/revisions"}],"predecessor-version":[{"id":7021,"href":"https:\/\/www.santaritadopassaquatro.sp.gov.br\/portal\/wp-json\/wp\/v2\/posts\/7019\/revisions\/7021"}],"wp:featuredmedia":[{"embeddable":true,"href":"https:\/\/www.santaritadopassaquatro.sp.gov.br\/portal\/wp-json\/wp\/v2\/media\/7020"}],"wp:attachment":[{"href":"https:\/\/www.santaritadopassaquatro.sp.gov.br\/portal\/wp-json\/wp\/v2\/media?parent=7019"}],"wp:term":[{"taxonomy":"category","embeddable":true,"href":"https:\/\/www.santaritadopassaquatro.sp.gov.br\/portal\/wp-json\/wp\/v2\/categories?post=7019"},{"taxonomy":"post_tag","embeddable":true,"href":"https:\/\/www.santaritadopassaquatro.sp.gov.br\/portal\/wp-json\/wp\/v2\/tags?post=7019"}],"curies":[{"name":"wp","href":"https:\/\/api.w.org\/{rel}","templated":true}]}}