{"id":7022,"date":"2022-07-21T10:05:44","date_gmt":"2022-07-21T13:05:44","guid":{"rendered":"http:\/\/www.santaritadopassaquatro.sp.gov.br\/portal\/?p=7022"},"modified":"2022-07-23T10:06:28","modified_gmt":"2022-07-23T13:06:28","slug":"inscricoes-encerradas","status":"publish","type":"post","link":"https:\/\/www.santaritadopassaquatro.sp.gov.br\/portal\/inscricoes-encerradas\/","title":{"rendered":"INSCRI\u00c7\u00d5ES ENCERRADAS"},"content":{"rendered":"<p>Devido \u00e0 alta procura pelo curso de Mec\u00e2nico de suspens\u00e3o, dire\u00e7\u00e3o e freios de ve\u00edculos leves, o Fundo Social de Solidariedade informa que as inscri\u00e7\u00f5es foram encerradas.<br \/>\nCaso voc\u00ea tenha interesse, temos uma lista de espera. Compare\u00e7a \u00e0 Rua Visconde de Rio Branco, 1135, munido de c\u00f3pia do RG, CPF e hist\u00f3rico escolar. Aten\u00e7\u00e3o, para fazer o curso \u00e9 necess\u00e1rio ter completado o n\u00edvel fundamental e ter idade acima de 16 anos.<\/p>\n","protected":false},"excerpt":{"rendered":"<p>Devido \u00e0 alta procura pelo curso de Mec\u00e2nico de suspens\u00e3o, dire\u00e7\u00e3o e freios de ve\u00edculos leves, o Fundo Social de<\/p>\n","protected":false},"author":1,"featured_media":7023,"comment_status":"closed","ping_status":"open","sticky":false,"template":"","format":"standard","meta":{"footnotes":""},"categories":[62,52],"tags":[],"class_list":["post-7022","post","type-post","status-publish","format-standard","has-post-thumbnail","hentry","category-fundo-social","category-latest"],"_links":{"self":[{"href":"https:\/\/www.santaritadopassaquatro.sp.gov.br\/portal\/wp-json\/wp\/v2\/posts\/7022","targetHints":{"allow":["GET"]}}],"collection":[{"href":"https:\/\/www.santaritadopassaquatro.sp.gov.br\/portal\/wp-json\/wp\/v2\/posts"}],"about":[{"href":"https:\/\/www.santaritadopassaquatro.sp.gov.br\/portal\/wp-json\/wp\/v2\/types\/post"}],"author":[{"embeddable":true,"href":"https:\/\/www.santaritadopassaquatro.sp.gov.br\/portal\/wp-json\/wp\/v2\/users\/1"}],"replies":[{"embeddable":true,"href":"https:\/\/www.santaritadopassaquatro.sp.gov.br\/portal\/wp-json\/wp\/v2\/comments?post=7022"}],"version-history":[{"count":1,"href":"https:\/\/www.santaritadopassaquatro.sp.gov.br\/portal\/wp-json\/wp\/v2\/posts\/7022\/revisions"}],"predecessor-version":[{"id":7024,"href":"https:\/\/www.santaritadopassaquatro.sp.gov.br\/portal\/wp-json\/wp\/v2\/posts\/7022\/revisions\/7024"}],"wp:featuredmedia":[{"embeddable":true,"href":"https:\/\/www.santaritadopassaquatro.sp.gov.br\/portal\/wp-json\/wp\/v2\/media\/7023"}],"wp:attachment":[{"href":"https:\/\/www.santaritadopassaquatro.sp.gov.br\/portal\/wp-json\/wp\/v2\/media?parent=7022"}],"wp:term":[{"taxonomy":"category","embeddable":true,"href":"https:\/\/www.santaritadopassaquatro.sp.gov.br\/portal\/wp-json\/wp\/v2\/categories?post=7022"},{"taxonomy":"post_tag","embeddable":true,"href":"https:\/\/www.santaritadopassaquatro.sp.gov.br\/portal\/wp-json\/wp\/v2\/tags?post=7022"}],"curies":[{"name":"wp","href":"https:\/\/api.w.org\/{rel}","templated":true}]}}