{"id":7025,"date":"2022-05-24T10:06:50","date_gmt":"2022-05-24T13:06:50","guid":{"rendered":"http:\/\/www.santaritadopassaquatro.sp.gov.br\/portal\/?p=7025"},"modified":"2022-07-23T10:07:53","modified_gmt":"2022-07-23T13:07:53","slug":"usina-santa-rita-realiza-doacao-de-200-cobertores-ao-fundo-social-de-solidariedade","status":"publish","type":"post","link":"https:\/\/www.santaritadopassaquatro.sp.gov.br\/portal\/usina-santa-rita-realiza-doacao-de-200-cobertores-ao-fundo-social-de-solidariedade\/","title":{"rendered":"USINA SANTA RITA REALIZA DOA\u00c7\u00c3O DE 200 COBERTORES AO FUNDO SOCIAL DE SOLIDARIEDADE"},"content":{"rendered":"<p>Nesta ter\u00e7a-feira (24), o Fundo Social de Solidariedade de Santa Rita do Passa Quatro recebeu a doa\u00e7\u00e3o de 200 cobertores da Usina Santa Rita\/D\u2019J&amp;AC, para atender \u00e0s pessoas em situa\u00e7\u00e3o de vulnerabilidade em \u00e9pocas de frio.<br \/>\nO Fundo Social realiza um trabalho em parceria com o Departamento de Assist\u00eancia Social e Defesa Civil para atender \u00e0s pessoas em situa\u00e7\u00e3o de rua em \u00e9pocas de frio.<br \/>\nNo pr\u00f3ximo s\u00e1bado, dia 28, teremos o Dia D da Campanha do Agasalho. A arrecada\u00e7\u00e3o ocorrer\u00e1 entre \u00e0s 13 e 17 horas, na Pra\u00e7a Poeta M\u00e1rio Mattoso (Pra\u00e7a da Esta\u00e7\u00e3o). A a\u00e7\u00e3o \u00e9 uma iniciativa da EPTV, afiliada da Rede Globo, e tem envolvimento regional com arrecada\u00e7\u00e3o simult\u00e2neas em diversas cidades.<\/p>\n<p>&nbsp;<\/p>\n<p><img decoding=\"async\" class=\"aligncenter size-full wp-image-7026\" src=\"http:\/\/www.santaritadopassaquatro.sp.gov.br\/portal\/wp-content\/uploads\/2022\/07\/024d10d5-4e45-4b06-b4b9-1bc62fb54657.jpg\" alt=\"\" width=\"958\" height=\"717\" \/> <img decoding=\"async\" class=\"aligncenter size-large wp-image-7028\" src=\"http:\/\/www.santaritadopassaquatro.sp.gov.br\/portal\/wp-content\/uploads\/2022\/07\/e8a6d2e4-7aff-45e3-8ed6-f7e6e9e35d7f.jpg\" alt=\"\" width=\"800\" height=\"599\" \/><\/p>\n","protected":false},"excerpt":{"rendered":"<p>Nesta ter\u00e7a-feira (24), o Fundo Social de Solidariedade de Santa Rita do Passa Quatro recebeu a doa\u00e7\u00e3o de 200 cobertores<\/p>\n","protected":false},"author":1,"featured_media":7027,"comment_status":"closed","ping_status":"open","sticky":false,"template":"","format":"standard","meta":{"footnotes":""},"categories":[62],"tags":[],"class_list":["post-7025","post","type-post","status-publish","format-standard","has-post-thumbnail","hentry","category-fundo-social"],"_links":{"self":[{"href":"https:\/\/www.santaritadopassaquatro.sp.gov.br\/portal\/wp-json\/wp\/v2\/posts\/7025","targetHints":{"allow":["GET"]}}],"collection":[{"href":"https:\/\/www.santaritadopassaquatro.sp.gov.br\/portal\/wp-json\/wp\/v2\/posts"}],"about":[{"href":"https:\/\/www.santaritadopassaquatro.sp.gov.br\/portal\/wp-json\/wp\/v2\/types\/post"}],"author":[{"embeddable":true,"href":"https:\/\/www.santaritadopassaquatro.sp.gov.br\/portal\/wp-json\/wp\/v2\/users\/1"}],"replies":[{"embeddable":true,"href":"https:\/\/www.santaritadopassaquatro.sp.gov.br\/portal\/wp-json\/wp\/v2\/comments?post=7025"}],"version-history":[{"count":1,"href":"https:\/\/www.santaritadopassaquatro.sp.gov.br\/portal\/wp-json\/wp\/v2\/posts\/7025\/revisions"}],"predecessor-version":[{"id":7029,"href":"https:\/\/www.santaritadopassaquatro.sp.gov.br\/portal\/wp-json\/wp\/v2\/posts\/7025\/revisions\/7029"}],"wp:featuredmedia":[{"embeddable":true,"href":"https:\/\/www.santaritadopassaquatro.sp.gov.br\/portal\/wp-json\/wp\/v2\/media\/7027"}],"wp:attachment":[{"href":"https:\/\/www.santaritadopassaquatro.sp.gov.br\/portal\/wp-json\/wp\/v2\/media?parent=7025"}],"wp:term":[{"taxonomy":"category","embeddable":true,"href":"https:\/\/www.santaritadopassaquatro.sp.gov.br\/portal\/wp-json\/wp\/v2\/categories?post=7025"},{"taxonomy":"post_tag","embeddable":true,"href":"https:\/\/www.santaritadopassaquatro.sp.gov.br\/portal\/wp-json\/wp\/v2\/tags?post=7025"}],"curies":[{"name":"wp","href":"https:\/\/api.w.org\/{rel}","templated":true}]}}