{"id":7030,"date":"2022-05-09T10:08:07","date_gmt":"2022-05-09T13:08:07","guid":{"rendered":"http:\/\/www.santaritadopassaquatro.sp.gov.br\/portal\/?p=7030"},"modified":"2022-07-23T10:09:03","modified_gmt":"2022-07-23T13:09:03","slug":"fundo-social-doa-roupas-infantis-a-maternidade-da-santa-casa","status":"publish","type":"post","link":"https:\/\/www.santaritadopassaquatro.sp.gov.br\/portal\/fundo-social-doa-roupas-infantis-a-maternidade-da-santa-casa\/","title":{"rendered":"FUNDO SOCIAL DOA ROUPAS INFANTIS \u00c0 MATERNIDADE DA SANTA CASA"},"content":{"rendered":"<p>Nesta segunda-feira (09), a Presidente do Fundo Social de Solidariedade Mislene Candido Reis doou roupas de beb\u00eas \u00e0 Maternidade da Santa Casa de Miseric\u00f3rdia de Santa Casa de Miseric\u00f3rdia.<br \/>\nAs roupas foram confeccionadas pelas alunas do curso de costureiro de m\u00e1quina reta e overloque ministrado no Fundo Social em parceria com o SENAI.<\/p>\n","protected":false},"excerpt":{"rendered":"<p>Nesta segunda-feira (09), a Presidente do Fundo Social de Solidariedade Mislene Candido Reis doou roupas de beb\u00eas \u00e0 Maternidade da<\/p>\n","protected":false},"author":1,"featured_media":7031,"comment_status":"closed","ping_status":"open","sticky":false,"template":"","format":"standard","meta":{"footnotes":""},"categories":[62],"tags":[],"class_list":["post-7030","post","type-post","status-publish","format-standard","has-post-thumbnail","hentry","category-fundo-social"],"_links":{"self":[{"href":"https:\/\/www.santaritadopassaquatro.sp.gov.br\/portal\/wp-json\/wp\/v2\/posts\/7030","targetHints":{"allow":["GET"]}}],"collection":[{"href":"https:\/\/www.santaritadopassaquatro.sp.gov.br\/portal\/wp-json\/wp\/v2\/posts"}],"about":[{"href":"https:\/\/www.santaritadopassaquatro.sp.gov.br\/portal\/wp-json\/wp\/v2\/types\/post"}],"author":[{"embeddable":true,"href":"https:\/\/www.santaritadopassaquatro.sp.gov.br\/portal\/wp-json\/wp\/v2\/users\/1"}],"replies":[{"embeddable":true,"href":"https:\/\/www.santaritadopassaquatro.sp.gov.br\/portal\/wp-json\/wp\/v2\/comments?post=7030"}],"version-history":[{"count":1,"href":"https:\/\/www.santaritadopassaquatro.sp.gov.br\/portal\/wp-json\/wp\/v2\/posts\/7030\/revisions"}],"predecessor-version":[{"id":7032,"href":"https:\/\/www.santaritadopassaquatro.sp.gov.br\/portal\/wp-json\/wp\/v2\/posts\/7030\/revisions\/7032"}],"wp:featuredmedia":[{"embeddable":true,"href":"https:\/\/www.santaritadopassaquatro.sp.gov.br\/portal\/wp-json\/wp\/v2\/media\/7031"}],"wp:attachment":[{"href":"https:\/\/www.santaritadopassaquatro.sp.gov.br\/portal\/wp-json\/wp\/v2\/media?parent=7030"}],"wp:term":[{"taxonomy":"category","embeddable":true,"href":"https:\/\/www.santaritadopassaquatro.sp.gov.br\/portal\/wp-json\/wp\/v2\/categories?post=7030"},{"taxonomy":"post_tag","embeddable":true,"href":"https:\/\/www.santaritadopassaquatro.sp.gov.br\/portal\/wp-json\/wp\/v2\/tags?post=7030"}],"curies":[{"name":"wp","href":"https:\/\/api.w.org\/{rel}","templated":true}]}}