{"id":7033,"date":"2022-05-12T10:09:45","date_gmt":"2022-05-12T13:09:45","guid":{"rendered":"http:\/\/www.santaritadopassaquatro.sp.gov.br\/portal\/?p=7033"},"modified":"2022-07-23T10:10:30","modified_gmt":"2022-07-23T13:10:30","slug":"presidente-e-coordenadora-do-fundo-social-de-solidariedade-vao-a-lancamento-da-campanha-do-inverno-solidario","status":"publish","type":"post","link":"https:\/\/www.santaritadopassaquatro.sp.gov.br\/portal\/presidente-e-coordenadora-do-fundo-social-de-solidariedade-vao-a-lancamento-da-campanha-do-inverno-solidario\/","title":{"rendered":"PRESIDENTE E COORDENADORA DO FUNDO SOCIAL DE SOLIDARIEDADE V\u00c3O A LAN\u00c7AMENTO DA CAMPANHA DO INVERNO SOLID\u00c1RIO"},"content":{"rendered":"<p>Nesta semana, a Presidente e Coordenadora do Fundo Social de Solidariedade, Mislene C\u00e2ndido Reis e Silmara Viana, compareceram ao lan\u00e7amento da Campanha do Inverno Solid\u00e1rio. A iniciativa coordenada pelo Fundo Social de S\u00e3o Paulo vai arrecadar cobertores novos para doa\u00e7\u00f5es a pessoas em situa\u00e7\u00e3o de vulnerabilidade social durante o outono e o inverno.<br \/>\nA a\u00e7\u00e3o ser\u00e1 realizada at\u00e9 21 de setembro. As doa\u00e7\u00f5es poder\u00e3o ser entregues no Fundo Social de Solidariedade, na Rua Visconde do Rio Branco, 1135 \u2013 Jardim 22 de maio.<br \/>\n\u201cA Campanha do Agasalho come\u00e7a hoje, mas s\u00f3 termina em setembro, ent\u00e3o temos um longo caminho pela frente para arrecadar cobertores e espero contar com a ajuda de todos os munic\u00edpios. O Fundo Social j\u00e1 vai comprar 100 mil cobertores\u201d declarou Luciana Garcia, Presidente do Fundo Social e Primeira-dama do Estado.<br \/>\nAs doa\u00e7\u00f5es ser\u00e3o destinadas a pessoas em situa\u00e7\u00e3o de rua e entidades sociais, hospitais e centros de acolhimento.<br \/>\nA campanha Inverno Solid\u00e1rio de 2022 ser\u00e1 ampliada. Al\u00e9m de arrecadar cobertores novos, o Governo de S\u00e3o Paulo vai promover a\u00e7\u00f5es de combate a doen\u00e7as comuns do inverno, mantidas pelo Fundo Social em locais com alta vulnerabilidade. O Departamento de Sa\u00fade far\u00e1 a\u00e7\u00f5es de preven\u00e7\u00e3o e vacina\u00e7\u00e3o contra a gripe.<\/p>\n<p>&nbsp;<\/p>\n","protected":false},"excerpt":{"rendered":"<p>Nesta semana, a Presidente e Coordenadora do Fundo Social de Solidariedade, Mislene C\u00e2ndido Reis e Silmara Viana, compareceram ao lan\u00e7amento<\/p>\n","protected":false},"author":1,"featured_media":7034,"comment_status":"closed","ping_status":"open","sticky":false,"template":"","format":"standard","meta":{"footnotes":""},"categories":[62],"tags":[],"class_list":["post-7033","post","type-post","status-publish","format-standard","has-post-thumbnail","hentry","category-fundo-social"],"_links":{"self":[{"href":"https:\/\/www.santaritadopassaquatro.sp.gov.br\/portal\/wp-json\/wp\/v2\/posts\/7033","targetHints":{"allow":["GET"]}}],"collection":[{"href":"https:\/\/www.santaritadopassaquatro.sp.gov.br\/portal\/wp-json\/wp\/v2\/posts"}],"about":[{"href":"https:\/\/www.santaritadopassaquatro.sp.gov.br\/portal\/wp-json\/wp\/v2\/types\/post"}],"author":[{"embeddable":true,"href":"https:\/\/www.santaritadopassaquatro.sp.gov.br\/portal\/wp-json\/wp\/v2\/users\/1"}],"replies":[{"embeddable":true,"href":"https:\/\/www.santaritadopassaquatro.sp.gov.br\/portal\/wp-json\/wp\/v2\/comments?post=7033"}],"version-history":[{"count":1,"href":"https:\/\/www.santaritadopassaquatro.sp.gov.br\/portal\/wp-json\/wp\/v2\/posts\/7033\/revisions"}],"predecessor-version":[{"id":7035,"href":"https:\/\/www.santaritadopassaquatro.sp.gov.br\/portal\/wp-json\/wp\/v2\/posts\/7033\/revisions\/7035"}],"wp:featuredmedia":[{"embeddable":true,"href":"https:\/\/www.santaritadopassaquatro.sp.gov.br\/portal\/wp-json\/wp\/v2\/media\/7034"}],"wp:attachment":[{"href":"https:\/\/www.santaritadopassaquatro.sp.gov.br\/portal\/wp-json\/wp\/v2\/media?parent=7033"}],"wp:term":[{"taxonomy":"category","embeddable":true,"href":"https:\/\/www.santaritadopassaquatro.sp.gov.br\/portal\/wp-json\/wp\/v2\/categories?post=7033"},{"taxonomy":"post_tag","embeddable":true,"href":"https:\/\/www.santaritadopassaquatro.sp.gov.br\/portal\/wp-json\/wp\/v2\/tags?post=7033"}],"curies":[{"name":"wp","href":"https:\/\/api.w.org\/{rel}","templated":true}]}}