{"id":7036,"date":"2021-07-28T10:11:19","date_gmt":"2021-07-28T13:11:19","guid":{"rendered":"http:\/\/www.santaritadopassaquatro.sp.gov.br\/portal\/?p=7036"},"modified":"2022-07-23T10:12:13","modified_gmt":"2022-07-23T13:12:13","slug":"mobilizacao-para-proteger-os-vulneraveis-do-frio-que-se-aproxima","status":"publish","type":"post","link":"https:\/\/www.santaritadopassaquatro.sp.gov.br\/portal\/mobilizacao-para-proteger-os-vulneraveis-do-frio-que-se-aproxima\/","title":{"rendered":"Mobiliza\u00e7\u00e3o para proteger os vulner\u00e1veis do frio que se aproxima"},"content":{"rendered":"<p>Na tarde desta quarta-feira (28), setores do poder p\u00fablico se reuniram para o planejamento da a\u00e7\u00e3o elaborada pelo Centro de Refer\u00eancia Especializado da Assist\u00eancia Social (CREAS), e seu respectivo Departamento de Assist\u00eancia e Promo\u00e7\u00e3o Social, para auxiliar pessoas em situa\u00e7\u00e3o de vulnerabilidade social e desabrigados. A miss\u00e3o \u00e9 auxiliar e dar abrigo provis\u00f3rio aos moradores de rua, em decorr\u00eancia da baixa temperatura nos pr\u00f3ximos dias.<br \/>\nEm reuni\u00e3o, foi elaborado o fluxo para abordagem que contar\u00e1 com a nossa Santa Casa de Miseric\u00f3rdia e Pol\u00edcia Militar, al\u00e9m do acolhimento a ser ofertado \u00e0s pessoas em situa\u00e7\u00e3o de rua, que ser\u00e1 ofertado e proporcionado em parceria com a CASA BEL\u00c9M. Para a\u00e7\u00e3o, teremos a parceria com o nosso Fundo Social de Solidariedade, pelo qual foi poss\u00edvel a doa\u00e7\u00e3o de utens\u00edlios como cama, cobertores e roupas, para o devido acolhimento.<br \/>\nDestaca-se que as abordagens ocorrer\u00e3o no per\u00edodo noturno, na busca de proporcionar acolhimento provis\u00f3rio \u00e0 estas pessoas, assim como a\u00e7\u00f5es sociais posteriores com objetivo de retomada de poss\u00edveis v\u00ednculos familiares e fortalecimento destes.<\/p>\n","protected":false},"excerpt":{"rendered":"<p>Na tarde desta quarta-feira (28), setores do poder p\u00fablico se reuniram para o planejamento da a\u00e7\u00e3o elaborada pelo Centro de<\/p>\n","protected":false},"author":1,"featured_media":7037,"comment_status":"closed","ping_status":"open","sticky":false,"template":"","format":"standard","meta":{"footnotes":""},"categories":[43],"tags":[],"class_list":["post-7036","post","type-post","status-publish","format-standard","has-post-thumbnail","hentry","category-assistenciasocial"],"_links":{"self":[{"href":"https:\/\/www.santaritadopassaquatro.sp.gov.br\/portal\/wp-json\/wp\/v2\/posts\/7036","targetHints":{"allow":["GET"]}}],"collection":[{"href":"https:\/\/www.santaritadopassaquatro.sp.gov.br\/portal\/wp-json\/wp\/v2\/posts"}],"about":[{"href":"https:\/\/www.santaritadopassaquatro.sp.gov.br\/portal\/wp-json\/wp\/v2\/types\/post"}],"author":[{"embeddable":true,"href":"https:\/\/www.santaritadopassaquatro.sp.gov.br\/portal\/wp-json\/wp\/v2\/users\/1"}],"replies":[{"embeddable":true,"href":"https:\/\/www.santaritadopassaquatro.sp.gov.br\/portal\/wp-json\/wp\/v2\/comments?post=7036"}],"version-history":[{"count":1,"href":"https:\/\/www.santaritadopassaquatro.sp.gov.br\/portal\/wp-json\/wp\/v2\/posts\/7036\/revisions"}],"predecessor-version":[{"id":7038,"href":"https:\/\/www.santaritadopassaquatro.sp.gov.br\/portal\/wp-json\/wp\/v2\/posts\/7036\/revisions\/7038"}],"wp:featuredmedia":[{"embeddable":true,"href":"https:\/\/www.santaritadopassaquatro.sp.gov.br\/portal\/wp-json\/wp\/v2\/media\/7037"}],"wp:attachment":[{"href":"https:\/\/www.santaritadopassaquatro.sp.gov.br\/portal\/wp-json\/wp\/v2\/media?parent=7036"}],"wp:term":[{"taxonomy":"category","embeddable":true,"href":"https:\/\/www.santaritadopassaquatro.sp.gov.br\/portal\/wp-json\/wp\/v2\/categories?post=7036"},{"taxonomy":"post_tag","embeddable":true,"href":"https:\/\/www.santaritadopassaquatro.sp.gov.br\/portal\/wp-json\/wp\/v2\/tags?post=7036"}],"curies":[{"name":"wp","href":"https:\/\/api.w.org\/{rel}","templated":true}]}}