{"id":7039,"date":"2022-05-26T10:12:31","date_gmt":"2022-05-26T13:12:31","guid":{"rendered":"http:\/\/www.santaritadopassaquatro.sp.gov.br\/portal\/?p=7039"},"modified":"2022-07-23T10:13:23","modified_gmt":"2022-07-23T13:13:23","slug":"sabado-tem-dia-d-de-doacoes-da-campanha-do-agasalho-da-eptv","status":"publish","type":"post","link":"https:\/\/www.santaritadopassaquatro.sp.gov.br\/portal\/sabado-tem-dia-d-de-doacoes-da-campanha-do-agasalho-da-eptv\/","title":{"rendered":"S\u00e1bado tem \u201cDia D\u201d de doa\u00e7\u00f5es da Campanha do Agasalho da EPTV"},"content":{"rendered":"<p>A Prefeitura de Santa Rita do Passa Quatro, por meio do Fundo Social de Solidariedade, realizar\u00e1 neste s\u00e1bado, dia 28, o \u201cDia D\u201d da Campanha do Agasalho 2022.<br \/>\nA arrecada\u00e7\u00e3o ocorrer\u00e1 entre \u00e0s 13 e 17 horas, na Pra\u00e7a Poeta M\u00e1rio Mattoso (Pra\u00e7a da Esta\u00e7\u00e3o). A a\u00e7\u00e3o \u00e9 uma iniciativa da EPTV, afiliada da Rede Globo, e tem envolvimento regional com arrecada\u00e7\u00e3o simult\u00e2neas em diversas cidades.<br \/>\nConfira os postos de arrecada\u00e7\u00e3o:<br \/>\nMercado Guerra &#8211; Rua Ant\u00f4nio Gusson, 247 &#8211; Vila Santa Maria<br \/>\nSupermercado S\u00e3o Jos\u00e9 &#8211; Loja 1Avenida Severino Meirelles, 2017 &#8211; Jardim Cel. Victor Meirelles<br \/>\nSupermercado S\u00e3o Jos\u00e9 &#8211; Loja 2 &#8211; Rua Jos\u00e9 Ribeiro de Oliveira, 1908 &#8211; Jardim Alvorada<br \/>\nSupermercado Bela Vista &#8211; Rua Ant\u00f4nio Maestrello, 25 &#8211; Parque Lagoinha<br \/>\nRede Palhares &#8211; Centro &#8211; Avenida Severino Meirelles, 1478 &#8211; Centro<br \/>\nRede Palhares &#8211; Serra &#8211; Rua Jo\u00e3o Erbeta, 203 &#8211; Jardim Primavera<br \/>\nIgreja Batista &#8211; Rua Manoel Vieira Palma, 1895 &#8211; Centro<br \/>\nIgreja Fonte de Vida &#8211; Rua Alcides Scorsolini, 225 &#8211; Jardim do Lago<br \/>\nEscola SESI &#8211; Rua JOs\u00e9 Barbatana, 303 &#8211; Jardim It\u00e1lia<br \/>\nLoja Marcia Nacca &#8211; Avenida Professor Jos\u00e9 Gonso, 325 &#8211; Vila Mello<br \/>\nLoja Antony Modas &#8211; Avenida Jos\u00e9 Ribeiro de Oliveira, 2440<br \/>\nLoja Azulinha Kids &#8211; Avenida Severino Meirelles, 1381 &#8211; Centro<br \/>\nLoja Azulinha Modas e Presentes &#8211; Avenida SEverino Meirelles, 1401<br \/>\nLoja Triroton &#8211; Avenida Professor Jos\u00e9 Gonso, 664 &#8211; Jardim Cel. Victor Meirelles<br \/>\nBanco do Brasil &#8211; Rua Victor Meirelles, 335 &#8211; Centro<br \/>\nFundo Social de Solidariedade &#8211; Rua Visconde de Rio Branco, 1135 &#8211; Jardim 22 de Maio<\/p>\n<p><a href=\"https:\/\/fb.watch\/eqC328h_CP\/\" target=\"_blank\" rel=\"noopener\">https:\/\/fb.watch\/eqC328h_CP\/<\/a><\/p>\n","protected":false},"excerpt":{"rendered":"<p>A Prefeitura de Santa Rita do Passa Quatro, por meio do Fundo Social de Solidariedade, realizar\u00e1 neste s\u00e1bado, dia 28,<\/p>\n","protected":false},"author":1,"featured_media":0,"comment_status":"closed","ping_status":"open","sticky":false,"template":"","format":"standard","meta":{"footnotes":""},"categories":[62],"tags":[],"class_list":["post-7039","post","type-post","status-publish","format-standard","hentry","category-fundo-social"],"_links":{"self":[{"href":"https:\/\/www.santaritadopassaquatro.sp.gov.br\/portal\/wp-json\/wp\/v2\/posts\/7039","targetHints":{"allow":["GET"]}}],"collection":[{"href":"https:\/\/www.santaritadopassaquatro.sp.gov.br\/portal\/wp-json\/wp\/v2\/posts"}],"about":[{"href":"https:\/\/www.santaritadopassaquatro.sp.gov.br\/portal\/wp-json\/wp\/v2\/types\/post"}],"author":[{"embeddable":true,"href":"https:\/\/www.santaritadopassaquatro.sp.gov.br\/portal\/wp-json\/wp\/v2\/users\/1"}],"replies":[{"embeddable":true,"href":"https:\/\/www.santaritadopassaquatro.sp.gov.br\/portal\/wp-json\/wp\/v2\/comments?post=7039"}],"version-history":[{"count":1,"href":"https:\/\/www.santaritadopassaquatro.sp.gov.br\/portal\/wp-json\/wp\/v2\/posts\/7039\/revisions"}],"predecessor-version":[{"id":7040,"href":"https:\/\/www.santaritadopassaquatro.sp.gov.br\/portal\/wp-json\/wp\/v2\/posts\/7039\/revisions\/7040"}],"wp:attachment":[{"href":"https:\/\/www.santaritadopassaquatro.sp.gov.br\/portal\/wp-json\/wp\/v2\/media?parent=7039"}],"wp:term":[{"taxonomy":"category","embeddable":true,"href":"https:\/\/www.santaritadopassaquatro.sp.gov.br\/portal\/wp-json\/wp\/v2\/categories?post=7039"},{"taxonomy":"post_tag","embeddable":true,"href":"https:\/\/www.santaritadopassaquatro.sp.gov.br\/portal\/wp-json\/wp\/v2\/tags?post=7039"}],"curies":[{"name":"wp","href":"https:\/\/api.w.org\/{rel}","templated":true}]}}