{"id":7045,"date":"2022-05-17T10:16:22","date_gmt":"2022-05-17T13:16:22","guid":{"rendered":"http:\/\/www.santaritadopassaquatro.sp.gov.br\/portal\/?p=7045"},"modified":"2022-07-23T10:17:08","modified_gmt":"2022-07-23T13:17:08","slug":"prefeitura-inicia-mobilizacao-para-proteger-pessoas-vulneraveis-ao-frio","status":"publish","type":"post","link":"https:\/\/www.santaritadopassaquatro.sp.gov.br\/portal\/prefeitura-inicia-mobilizacao-para-proteger-pessoas-vulneraveis-ao-frio\/","title":{"rendered":"PREFEITURA INICIA MOBILIZA\u00c7\u00c3O PARA PROTEGER PESSOAS VULNER\u00c1VEIS AO FRIO"},"content":{"rendered":"<p>Nesta quarta-feira (18), setores do poder p\u00fablico se reunir\u00e3o para o planejamento da a\u00e7\u00e3o elaborada pelo Centro de Refer\u00eancia Especializado da Assist\u00eancia Social (CREAS), e seu respectivo Departamento de Assist\u00eancia e Promo\u00e7\u00e3o Social, para auxiliar pessoas em situa\u00e7\u00e3o de vulnerabilidade social e desabrigados. A miss\u00e3o \u00e9 auxiliar e dar abrigo provis\u00f3rio aos moradores de rua, em decorr\u00eancia da baixa temperatura nos pr\u00f3ximos dias.<br \/>\nA opera\u00e7\u00e3o para abrigar e proteger as pessoas com vulnerabilidade ao frio j\u00e1 iniciou nesta ter\u00e7a-feira. O Departamento de Promo\u00e7\u00e3o e Assist\u00eancia Social j\u00e1 realizou algumas a\u00e7\u00f5es, buscando oferecer abrigo ou encontrando familiares dos moradores de rua.<br \/>\nDestaca-se que as abordagens ocorrem no per\u00edodo de frio e intemp\u00e9ries, na busca de proporcionar acolhimento provis\u00f3rio \u00e0 estas pessoas, assim como a\u00e7\u00f5es sociais posteriores com objetivo de retomada de poss\u00edveis v\u00ednculos familiares e fortalecimento destes.<\/p>\n<p>&nbsp;<\/p>\n<p>&nbsp;<\/p>\n","protected":false},"excerpt":{"rendered":"<p>Nesta quarta-feira (18), setores do poder p\u00fablico se reunir\u00e3o para o planejamento da a\u00e7\u00e3o elaborada pelo Centro de Refer\u00eancia Especializado<\/p>\n","protected":false},"author":1,"featured_media":7046,"comment_status":"closed","ping_status":"open","sticky":false,"template":"","format":"standard","meta":{"footnotes":""},"categories":[43],"tags":[],"class_list":["post-7045","post","type-post","status-publish","format-standard","has-post-thumbnail","hentry","category-assistenciasocial"],"_links":{"self":[{"href":"https:\/\/www.santaritadopassaquatro.sp.gov.br\/portal\/wp-json\/wp\/v2\/posts\/7045","targetHints":{"allow":["GET"]}}],"collection":[{"href":"https:\/\/www.santaritadopassaquatro.sp.gov.br\/portal\/wp-json\/wp\/v2\/posts"}],"about":[{"href":"https:\/\/www.santaritadopassaquatro.sp.gov.br\/portal\/wp-json\/wp\/v2\/types\/post"}],"author":[{"embeddable":true,"href":"https:\/\/www.santaritadopassaquatro.sp.gov.br\/portal\/wp-json\/wp\/v2\/users\/1"}],"replies":[{"embeddable":true,"href":"https:\/\/www.santaritadopassaquatro.sp.gov.br\/portal\/wp-json\/wp\/v2\/comments?post=7045"}],"version-history":[{"count":1,"href":"https:\/\/www.santaritadopassaquatro.sp.gov.br\/portal\/wp-json\/wp\/v2\/posts\/7045\/revisions"}],"predecessor-version":[{"id":7047,"href":"https:\/\/www.santaritadopassaquatro.sp.gov.br\/portal\/wp-json\/wp\/v2\/posts\/7045\/revisions\/7047"}],"wp:featuredmedia":[{"embeddable":true,"href":"https:\/\/www.santaritadopassaquatro.sp.gov.br\/portal\/wp-json\/wp\/v2\/media\/7046"}],"wp:attachment":[{"href":"https:\/\/www.santaritadopassaquatro.sp.gov.br\/portal\/wp-json\/wp\/v2\/media?parent=7045"}],"wp:term":[{"taxonomy":"category","embeddable":true,"href":"https:\/\/www.santaritadopassaquatro.sp.gov.br\/portal\/wp-json\/wp\/v2\/categories?post=7045"},{"taxonomy":"post_tag","embeddable":true,"href":"https:\/\/www.santaritadopassaquatro.sp.gov.br\/portal\/wp-json\/wp\/v2\/tags?post=7045"}],"curies":[{"name":"wp","href":"https:\/\/api.w.org\/{rel}","templated":true}]}}