{"id":7048,"date":"2022-07-22T08:20:21","date_gmt":"2022-07-22T11:20:21","guid":{"rendered":"http:\/\/www.santaritadopassaquatro.sp.gov.br\/portal\/?p=7048"},"modified":"2022-07-26T08:22:23","modified_gmt":"2022-07-26T11:22:23","slug":"caminhos-do-trem-estacao-santa-rita-do-passa-quatro-ser-fazer-reconhecer-2","status":"publish","type":"post","link":"https:\/\/www.santaritadopassaquatro.sp.gov.br\/portal\/caminhos-do-trem-estacao-santa-rita-do-passa-quatro-ser-fazer-reconhecer-2\/","title":{"rendered":"CAMINHOS DO TREM &#8211; Esta\u00e7\u00e3o Santa Rita do Passa Quatro \u2013 Ser. Fazer. Reconhecer."},"content":{"rendered":"<p>UMA ATRA\u00c7\u00c3O CULTURAL IMPERD\u00cdVEL !!!!!<\/p>\n<p>&nbsp;<\/p>\n<p>O projeto \u201cCaminhos do Trem\u201d, \u00e9 composto de 4 v\u00eddeos de aproximadamente 20 minutos cada, que contemplam as cidades de Ribeir\u00e3o Preto, S\u00e3o Sim\u00e3o, Brodowski e a nossa querida Santa Rita do Passa Quatro. As hist\u00f3rias desta produ\u00e7\u00e3o audiovisual, realizada pelo Turismo Social Sesc Ribeir\u00e3o Preto s\u00e3o ambientadas nas esta\u00e7\u00f5es ferrovi\u00e1rias da regi\u00e3o de Ribeir\u00e3o Preto, adaptadas e contadas por atores locais, visando dar amplitude as narrativas que se originam de grupos que foram invisibilizados ao longo da hist\u00f3ria.<\/p>\n<p>&nbsp;<\/p>\n<p>Santa Rita do Passa Quatro, por ter sido a cidade escolhida para o encerramento deste projeto, foi contemplada com a exibi\u00e7\u00e3o do document\u00e1rio completo e com apresenta\u00e7\u00e3o musical de choro, com a cantora Fernanda Marx e o m\u00fasico, compositor e cavaquinista Alexandre Perez que lan\u00e7ar\u00e1 seu novo disco &#8221;Fazendo Hora&#8221;. No show apresentar\u00e1 um repert\u00f3rio com composi\u00e7\u00f5es autorais e m\u00fasicas de Zequinha de Abreu, acompanhado por Marina Pereira no cavaquinho, Lucas Oliveira no Viol\u00e3o 7 cordas e Ricardo Perez no pandeiro.<\/p>\n<p>&nbsp;<\/p>\n<p>Dia: 27 de julho (4\u00aa feira) de 2022<br \/>\nHor\u00e1rio: 19:30h<br \/>\nLocal: Pra\u00e7a Poeta M\u00e1rio Mattoso (Esta\u00e7\u00e3o)<\/p>\n<p>Programa\u00e7\u00e3o<br \/>\nExibi\u00e7\u00e3o dos 4 epis\u00f3dios (Ribeir\u00e3o Preto, S\u00e3o Sim\u00e3o, Brodowski e Santa Rita do Passa Quatro)<\/p>\n<p>Show Musical de Chorinho: participa\u00e7\u00e3o especial de Fernanda Marx e Alexandre Perez.<\/p>\n<p>Ficha T\u00e9cnica<\/p>\n<p>Baseado Na Obra (Re) Viv\u00eancias Negras: Entre Batuques, Bailados E Devo\u00e7\u00e3o \u2013 Pr\u00e1ticas Culturais E Territ\u00f3rios Negros no Interior Paulista (1910 -1950), do professor e historiador S\u00e9rgio Luiz De Souza<\/p>\n<p>Respons\u00e1vel do Turismo Social Sesc Ribeir\u00e3o Preto: Vitor Hugo Vieira<\/p>\n<p>Uma parceria do SESC Ribeir\u00e3o Preto com o Departamento de Cultura e Turismo da Prefeitura Municipal de Santa Rita do Passa Quatro<\/p>\n","protected":false},"excerpt":{"rendered":"<p>UMA ATRA\u00c7\u00c3O CULTURAL IMPERD\u00cdVEL !!!!! &nbsp; O projeto \u201cCaminhos do Trem\u201d, \u00e9 composto de 4 v\u00eddeos de aproximadamente 20 minutos<\/p>\n","protected":false},"author":1,"featured_media":7049,"comment_status":"closed","ping_status":"open","sticky":false,"template":"","format":"standard","meta":{"footnotes":""},"categories":[46,48,60],"tags":[],"class_list":["post-7048","post","type-post","status-publish","format-standard","has-post-thumbnail","hentry","category-cultura","category-featured","category-turismo"],"_links":{"self":[{"href":"https:\/\/www.santaritadopassaquatro.sp.gov.br\/portal\/wp-json\/wp\/v2\/posts\/7048","targetHints":{"allow":["GET"]}}],"collection":[{"href":"https:\/\/www.santaritadopassaquatro.sp.gov.br\/portal\/wp-json\/wp\/v2\/posts"}],"about":[{"href":"https:\/\/www.santaritadopassaquatro.sp.gov.br\/portal\/wp-json\/wp\/v2\/types\/post"}],"author":[{"embeddable":true,"href":"https:\/\/www.santaritadopassaquatro.sp.gov.br\/portal\/wp-json\/wp\/v2\/users\/1"}],"replies":[{"embeddable":true,"href":"https:\/\/www.santaritadopassaquatro.sp.gov.br\/portal\/wp-json\/wp\/v2\/comments?post=7048"}],"version-history":[{"count":1,"href":"https:\/\/www.santaritadopassaquatro.sp.gov.br\/portal\/wp-json\/wp\/v2\/posts\/7048\/revisions"}],"predecessor-version":[{"id":7050,"href":"https:\/\/www.santaritadopassaquatro.sp.gov.br\/portal\/wp-json\/wp\/v2\/posts\/7048\/revisions\/7050"}],"wp:featuredmedia":[{"embeddable":true,"href":"https:\/\/www.santaritadopassaquatro.sp.gov.br\/portal\/wp-json\/wp\/v2\/media\/7049"}],"wp:attachment":[{"href":"https:\/\/www.santaritadopassaquatro.sp.gov.br\/portal\/wp-json\/wp\/v2\/media?parent=7048"}],"wp:term":[{"taxonomy":"category","embeddable":true,"href":"https:\/\/www.santaritadopassaquatro.sp.gov.br\/portal\/wp-json\/wp\/v2\/categories?post=7048"},{"taxonomy":"post_tag","embeddable":true,"href":"https:\/\/www.santaritadopassaquatro.sp.gov.br\/portal\/wp-json\/wp\/v2\/tags?post=7048"}],"curies":[{"name":"wp","href":"https:\/\/api.w.org\/{rel}","templated":true}]}}