{"id":7069,"date":"2022-07-16T09:44:08","date_gmt":"2022-07-16T12:44:08","guid":{"rendered":"http:\/\/www.santaritadopassaquatro.sp.gov.br\/portal\/?p=7069"},"modified":"2022-07-28T09:45:41","modified_gmt":"2022-07-28T12:45:41","slug":"caminhada-do-bem","status":"publish","type":"post","link":"https:\/\/www.santaritadopassaquatro.sp.gov.br\/portal\/caminhada-do-bem\/","title":{"rendered":"Caminhada do Bem"},"content":{"rendered":"<p>O Departamento de Turismo, Cultura, Esportes e Lazer em parceria com o Departamento de Medicina da Usina Santa Rita, por meio da funcion\u00e1ria Naiane que coordenou todo o processo, promoveu nesta manh\u00e3 a primeira Caminhada do Bem.<br \/>\nUma a\u00e7\u00e3o que estimula a pr\u00e1tica de atividades f\u00edsicas em busca de uma vida saud\u00e1vel.<br \/>\nTivemos a colabora\u00e7\u00e3o da COMASA na doa\u00e7\u00e3o das \u00e1guas e o envolvimento dos professores do projeto Santa Rita Ativa por meio do coordenador Ivan Ribeiro.<\/p>\n<p><img decoding=\"async\" class=\"aligncenter size-full wp-image-7071\" src=\"http:\/\/www.santaritadopassaquatro.sp.gov.br\/portal\/wp-content\/uploads\/2022\/07\/9bdff788-c30f-480c-b07f-c016bb1cc70c.jpg\" alt=\"\" width=\"720\" height=\"404\" \/><\/p>\n<p>&nbsp;<\/p>\n","protected":false},"excerpt":{"rendered":"<p>O Departamento de Turismo, Cultura, Esportes e Lazer em parceria com o Departamento de Medicina da Usina Santa Rita, por<\/p>\n","protected":false},"author":1,"featured_media":7070,"comment_status":"closed","ping_status":"open","sticky":false,"template":"","format":"standard","meta":{"footnotes":""},"categories":[46,60],"tags":[],"class_list":["post-7069","post","type-post","status-publish","format-standard","has-post-thumbnail","hentry","category-cultura","category-turismo"],"_links":{"self":[{"href":"https:\/\/www.santaritadopassaquatro.sp.gov.br\/portal\/wp-json\/wp\/v2\/posts\/7069","targetHints":{"allow":["GET"]}}],"collection":[{"href":"https:\/\/www.santaritadopassaquatro.sp.gov.br\/portal\/wp-json\/wp\/v2\/posts"}],"about":[{"href":"https:\/\/www.santaritadopassaquatro.sp.gov.br\/portal\/wp-json\/wp\/v2\/types\/post"}],"author":[{"embeddable":true,"href":"https:\/\/www.santaritadopassaquatro.sp.gov.br\/portal\/wp-json\/wp\/v2\/users\/1"}],"replies":[{"embeddable":true,"href":"https:\/\/www.santaritadopassaquatro.sp.gov.br\/portal\/wp-json\/wp\/v2\/comments?post=7069"}],"version-history":[{"count":1,"href":"https:\/\/www.santaritadopassaquatro.sp.gov.br\/portal\/wp-json\/wp\/v2\/posts\/7069\/revisions"}],"predecessor-version":[{"id":7072,"href":"https:\/\/www.santaritadopassaquatro.sp.gov.br\/portal\/wp-json\/wp\/v2\/posts\/7069\/revisions\/7072"}],"wp:featuredmedia":[{"embeddable":true,"href":"https:\/\/www.santaritadopassaquatro.sp.gov.br\/portal\/wp-json\/wp\/v2\/media\/7070"}],"wp:attachment":[{"href":"https:\/\/www.santaritadopassaquatro.sp.gov.br\/portal\/wp-json\/wp\/v2\/media?parent=7069"}],"wp:term":[{"taxonomy":"category","embeddable":true,"href":"https:\/\/www.santaritadopassaquatro.sp.gov.br\/portal\/wp-json\/wp\/v2\/categories?post=7069"},{"taxonomy":"post_tag","embeddable":true,"href":"https:\/\/www.santaritadopassaquatro.sp.gov.br\/portal\/wp-json\/wp\/v2\/tags?post=7069"}],"curies":[{"name":"wp","href":"https:\/\/api.w.org\/{rel}","templated":true}]}}