{"id":7073,"date":"2022-07-14T09:47:03","date_gmt":"2022-07-14T12:47:03","guid":{"rendered":"http:\/\/www.santaritadopassaquatro.sp.gov.br\/portal\/?p=7073"},"modified":"2022-07-28T09:50:50","modified_gmt":"2022-07-28T12:50:50","slug":"dia-25-de-julho-e-celebrado-o-dia-da-mulher-negra-latino-americana-e-caribenha","status":"publish","type":"post","link":"https:\/\/www.santaritadopassaquatro.sp.gov.br\/portal\/dia-25-de-julho-e-celebrado-o-dia-da-mulher-negra-latino-americana-e-caribenha\/","title":{"rendered":"Dia 25 de Julho \u00e9 celebrado o Dia da Mulher Negra Latino-Americana e Caribenha."},"content":{"rendered":"<p>Relembra o marco internacional de luta e resist\u00eancia da mulher negra para reafirmar a necessidade de enfrentar o racismo e o sexismo vivido at\u00e9 hoje por mulheres que sofrem com a discrimina\u00e7\u00e3o racial, social e de g\u00eanero.<br \/>\nA data foi sancionada no Brasil pela Lei n\u00ba 12.987\/2014, em que tamb\u00e9m se comemora o Dia de Tereza de Benguela.<br \/>\nTereza de Benguela foi uma l\u00edder do quilombo Quariter\u00ea, e viveu no s\u00e9culo XVIII resistindo \u00e0 escravid\u00e3o, e se tornou um s\u00edmbolo de resist\u00eancia para as mulheres negras.<br \/>\nNa necessidade de ampliar a reflex\u00e3o sobre a vida dessas mulheres e pressionar o poder p\u00fablico para implementa\u00e7\u00e3o de pol\u00edticas p\u00fablicas que viabilizem a redu\u00e7\u00e3o das desigualdades, o Conselho Municipal de Promo\u00e7\u00e3o da Igualdade Racial (COMPIR), e a Coordenadoria da Promo\u00e7\u00e3o da Igualdade Racial, em parceria com o Coletivo Maria Helena de Jesus, de Santa Rita do Passa Quatro, promover\u00e1 o \u201cJULHO DAS PRETAS\u201d que acontecer\u00e1 nos dias 15, 23 e 25 do referido m\u00eas.<br \/>\nUma a\u00e7\u00e3o em nome de tantas mulheres que s\u00e3o e foram importantes para nossa hist\u00f3ria, e que tamb\u00e9m seguimos.<br \/>\nSer\u00e3o dias de muita conviv\u00eancia e aquilombamento, momentos com poesias, c\u00edrculos de viv\u00eancias, debates, din\u00e2micas e apresenta\u00e7\u00f5es art\u00edsticas!<br \/>\nEsperamos por voc\u00eas!<\/p>\n<p>PROGRAMA\u00c7\u00c3O<br \/>\nDia 15 de Julho<br \/>\nTema: A FOR\u00c7A ANCESTRAL UNE MULHERES NEGRAS<br \/>\nHor\u00e1rio: 19h30<br \/>\nLocal: Centro Cultural e Museu Jos\u00e9 Spadon<br \/>\nTransporte saindo \u00e0s 19h00 do PSF do Jardim S\u00e3o Luiz, passando pelo ponto de \u00f4nibus do Lazer, retorno previsto para \u00e0s 21h30.<br \/>\nDia 23 de Julho<br \/>\nHor\u00e1rio: 15h00<br \/>\nTemas: CAMINHOS DE RESIST\u00caNCIA PARA A AFIRMA\u00c7\u00c3O DA MULHER NEGRA<br \/>\ne AUTONOMIA FINANCEIRA DAS MULHERES NEGRAS<br \/>\nLocal: Caic \u201cLaura Suriani Barbuio\u201d<br \/>\nObs: Levem seus filhos!<br \/>\nTransporte: Saindo \u00e0s 14h30 da pra\u00e7a do Jardim Planalto, passando pela Vila Jo\u00e3o L\u00e1zaro, retorno previsto para \u00e0s 18h00.<br \/>\nDia 25 de Julho<br \/>\nTema: OCUPA PRETA QUE O LUGAR \u00c9 SEU!<br \/>\nHor\u00e1rio: 19h30<br \/>\nLocal: Centro Cultural e Museu Jos\u00e9 Spadon<br \/>\nTransporte: Saindo \u00e0s 19h00 do PSF do Jardim S\u00e3o Luiz, passando pelo ponto de \u00f4nibus do Lazer, retorno previsto para \u00e0s 21h30.<\/p>\n","protected":false},"excerpt":{"rendered":"<p>Relembra o marco internacional de luta e resist\u00eancia da mulher negra para reafirmar a necessidade de enfrentar o racismo e<\/p>\n","protected":false},"author":1,"featured_media":7074,"comment_status":"closed","ping_status":"open","sticky":false,"template":"","format":"standard","meta":{"footnotes":""},"categories":[46],"tags":[],"class_list":["post-7073","post","type-post","status-publish","format-standard","has-post-thumbnail","hentry","category-cultura"],"_links":{"self":[{"href":"https:\/\/www.santaritadopassaquatro.sp.gov.br\/portal\/wp-json\/wp\/v2\/posts\/7073","targetHints":{"allow":["GET"]}}],"collection":[{"href":"https:\/\/www.santaritadopassaquatro.sp.gov.br\/portal\/wp-json\/wp\/v2\/posts"}],"about":[{"href":"https:\/\/www.santaritadopassaquatro.sp.gov.br\/portal\/wp-json\/wp\/v2\/types\/post"}],"author":[{"embeddable":true,"href":"https:\/\/www.santaritadopassaquatro.sp.gov.br\/portal\/wp-json\/wp\/v2\/users\/1"}],"replies":[{"embeddable":true,"href":"https:\/\/www.santaritadopassaquatro.sp.gov.br\/portal\/wp-json\/wp\/v2\/comments?post=7073"}],"version-history":[{"count":1,"href":"https:\/\/www.santaritadopassaquatro.sp.gov.br\/portal\/wp-json\/wp\/v2\/posts\/7073\/revisions"}],"predecessor-version":[{"id":7075,"href":"https:\/\/www.santaritadopassaquatro.sp.gov.br\/portal\/wp-json\/wp\/v2\/posts\/7073\/revisions\/7075"}],"wp:featuredmedia":[{"embeddable":true,"href":"https:\/\/www.santaritadopassaquatro.sp.gov.br\/portal\/wp-json\/wp\/v2\/media\/7074"}],"wp:attachment":[{"href":"https:\/\/www.santaritadopassaquatro.sp.gov.br\/portal\/wp-json\/wp\/v2\/media?parent=7073"}],"wp:term":[{"taxonomy":"category","embeddable":true,"href":"https:\/\/www.santaritadopassaquatro.sp.gov.br\/portal\/wp-json\/wp\/v2\/categories?post=7073"},{"taxonomy":"post_tag","embeddable":true,"href":"https:\/\/www.santaritadopassaquatro.sp.gov.br\/portal\/wp-json\/wp\/v2\/tags?post=7073"}],"curies":[{"name":"wp","href":"https:\/\/api.w.org\/{rel}","templated":true}]}}