{"id":7079,"date":"2022-06-30T09:53:13","date_gmt":"2022-06-30T12:53:13","guid":{"rendered":"http:\/\/www.santaritadopassaquatro.sp.gov.br\/portal\/?p=7079"},"modified":"2022-07-28T09:54:23","modified_gmt":"2022-07-28T12:54:23","slug":"reuniao-do-conselho-de-protecao-animal","status":"publish","type":"post","link":"https:\/\/www.santaritadopassaquatro.sp.gov.br\/portal\/reuniao-do-conselho-de-protecao-animal\/","title":{"rendered":"REUNI\u00c3O DO CONSELHO DE PROTE\u00c7\u00c3O ANIMAL"},"content":{"rendered":"<p>Nesta quarta-feira (29), o Conselho de Prote\u00e7\u00e3o Animal se reuniu na Casa dos Conselhos, com o para a regulariza\u00e7\u00e3o dos novos membros, cria\u00e7\u00e3o do regimento interno, para que assim possam ter mais participa\u00e7\u00e3o nas decis\u00f5es relacionadas aos animais.<br \/>\nO m\u00e9dico veterin\u00e1rio citou a import\u00e2ncia do Conselho de Prote\u00e7\u00e3o Animal: \u201c\u00c9 importante regulariza\u00e7\u00e3o dos novos membros e cria\u00e7\u00e3o do regimento interno do Conselho para que, assim, possamos ter mais participa\u00e7\u00e3o em tudo que se refere ao bem-estar animal\u201d<\/p>\n","protected":false},"excerpt":{"rendered":"<p>Nesta quarta-feira (29), o Conselho de Prote\u00e7\u00e3o Animal se reuniu na Casa dos Conselhos, com o para a regulariza\u00e7\u00e3o dos<\/p>\n","protected":false},"author":1,"featured_media":7080,"comment_status":"closed","ping_status":"open","sticky":false,"template":"","format":"standard","meta":{"footnotes":""},"categories":[58],"tags":[],"class_list":["post-7079","post","type-post","status-publish","format-standard","has-post-thumbnail","hentry","category-health"],"_links":{"self":[{"href":"https:\/\/www.santaritadopassaquatro.sp.gov.br\/portal\/wp-json\/wp\/v2\/posts\/7079","targetHints":{"allow":["GET"]}}],"collection":[{"href":"https:\/\/www.santaritadopassaquatro.sp.gov.br\/portal\/wp-json\/wp\/v2\/posts"}],"about":[{"href":"https:\/\/www.santaritadopassaquatro.sp.gov.br\/portal\/wp-json\/wp\/v2\/types\/post"}],"author":[{"embeddable":true,"href":"https:\/\/www.santaritadopassaquatro.sp.gov.br\/portal\/wp-json\/wp\/v2\/users\/1"}],"replies":[{"embeddable":true,"href":"https:\/\/www.santaritadopassaquatro.sp.gov.br\/portal\/wp-json\/wp\/v2\/comments?post=7079"}],"version-history":[{"count":1,"href":"https:\/\/www.santaritadopassaquatro.sp.gov.br\/portal\/wp-json\/wp\/v2\/posts\/7079\/revisions"}],"predecessor-version":[{"id":7081,"href":"https:\/\/www.santaritadopassaquatro.sp.gov.br\/portal\/wp-json\/wp\/v2\/posts\/7079\/revisions\/7081"}],"wp:featuredmedia":[{"embeddable":true,"href":"https:\/\/www.santaritadopassaquatro.sp.gov.br\/portal\/wp-json\/wp\/v2\/media\/7080"}],"wp:attachment":[{"href":"https:\/\/www.santaritadopassaquatro.sp.gov.br\/portal\/wp-json\/wp\/v2\/media?parent=7079"}],"wp:term":[{"taxonomy":"category","embeddable":true,"href":"https:\/\/www.santaritadopassaquatro.sp.gov.br\/portal\/wp-json\/wp\/v2\/categories?post=7079"},{"taxonomy":"post_tag","embeddable":true,"href":"https:\/\/www.santaritadopassaquatro.sp.gov.br\/portal\/wp-json\/wp\/v2\/tags?post=7079"}],"curies":[{"name":"wp","href":"https:\/\/api.w.org\/{rel}","templated":true}]}}