{"id":7097,"date":"2022-05-01T10:23:13","date_gmt":"2022-05-01T13:23:13","guid":{"rendered":"http:\/\/www.santaritadopassaquatro.sp.gov.br\/portal\/?p=7097"},"modified":"2022-07-28T10:24:08","modified_gmt":"2022-07-28T13:24:08","slug":"2-etapa-do-gp-ravelli-sera-disputada-em-santa-rita","status":"publish","type":"post","link":"https:\/\/www.santaritadopassaquatro.sp.gov.br\/portal\/2-etapa-do-gp-ravelli-sera-disputada-em-santa-rita\/","title":{"rendered":"2\u00b0 ETAPA DO GP RAVELLI SER\u00c1 DISPUTADA EM SANTA RITA"},"content":{"rendered":"<p>No dia 01 de maio, Santa Rita sediar\u00e1 a 2\u00b0 Etapa do GP Ravelli de Ciclismo. O tradicional evento da modalidade ter\u00e1 a largada a partir das 08h30, na Pra\u00e7a Poeta M\u00e1rio Mattoso.<br \/>\nA disputa ser\u00e1 dividida em tr\u00eas categorias: PRO, SPORT e Light.<br \/>\nOs ciclistas passar\u00e3o por diversos pontos tur\u00edsticos de Santa Rita do Passa Quatro.<\/p>\n<p><a href=\"https:\/\/fb.watch\/eul5qIm2lP\/\" target=\"_blank\" rel=\"noopener\">https:\/\/fb.watch\/eul5qIm2lP\/<\/a><\/p>\n","protected":false},"excerpt":{"rendered":"<p>No dia 01 de maio, Santa Rita sediar\u00e1 a 2\u00b0 Etapa do GP Ravelli de Ciclismo. O tradicional evento da<\/p>\n","protected":false},"author":1,"featured_media":0,"comment_status":"closed","ping_status":"open","sticky":false,"template":"","format":"standard","meta":{"footnotes":""},"categories":[51],"tags":[],"class_list":["post-7097","post","type-post","status-publish","format-standard","hentry","category-sports"],"_links":{"self":[{"href":"https:\/\/www.santaritadopassaquatro.sp.gov.br\/portal\/wp-json\/wp\/v2\/posts\/7097","targetHints":{"allow":["GET"]}}],"collection":[{"href":"https:\/\/www.santaritadopassaquatro.sp.gov.br\/portal\/wp-json\/wp\/v2\/posts"}],"about":[{"href":"https:\/\/www.santaritadopassaquatro.sp.gov.br\/portal\/wp-json\/wp\/v2\/types\/post"}],"author":[{"embeddable":true,"href":"https:\/\/www.santaritadopassaquatro.sp.gov.br\/portal\/wp-json\/wp\/v2\/users\/1"}],"replies":[{"embeddable":true,"href":"https:\/\/www.santaritadopassaquatro.sp.gov.br\/portal\/wp-json\/wp\/v2\/comments?post=7097"}],"version-history":[{"count":1,"href":"https:\/\/www.santaritadopassaquatro.sp.gov.br\/portal\/wp-json\/wp\/v2\/posts\/7097\/revisions"}],"predecessor-version":[{"id":7098,"href":"https:\/\/www.santaritadopassaquatro.sp.gov.br\/portal\/wp-json\/wp\/v2\/posts\/7097\/revisions\/7098"}],"wp:attachment":[{"href":"https:\/\/www.santaritadopassaquatro.sp.gov.br\/portal\/wp-json\/wp\/v2\/media?parent=7097"}],"wp:term":[{"taxonomy":"category","embeddable":true,"href":"https:\/\/www.santaritadopassaquatro.sp.gov.br\/portal\/wp-json\/wp\/v2\/categories?post=7097"},{"taxonomy":"post_tag","embeddable":true,"href":"https:\/\/www.santaritadopassaquatro.sp.gov.br\/portal\/wp-json\/wp\/v2\/tags?post=7097"}],"curies":[{"name":"wp","href":"https:\/\/api.w.org\/{rel}","templated":true}]}}