{"id":7099,"date":"2022-05-16T10:24:18","date_gmt":"2022-05-16T13:24:18","guid":{"rendered":"http:\/\/www.santaritadopassaquatro.sp.gov.br\/portal\/?p=7099"},"modified":"2022-07-28T10:25:25","modified_gmt":"2022-07-28T13:25:25","slug":"a-defesa-civil-do-estado-alerta","status":"publish","type":"post","link":"https:\/\/www.santaritadopassaquatro.sp.gov.br\/portal\/a-defesa-civil-do-estado-alerta\/","title":{"rendered":"A Defesa Civil do Estado alerta"},"content":{"rendered":"<p>A Defesa Civil do Estado alerta que, entre ter\u00e7a-feira (17) e sexta-feira (20), uma intensa massa de ar polar avan\u00e7ar\u00e1 em todo o territ\u00f3rio paulista, provocando queda acentuada de temperatura, havendo momentos de frio intenso, com destaque \u00e0s regi\u00f5es mencionadas.<\/p>\n<p>A sensa\u00e7\u00e3o t\u00e9rmica pode ser ainda mais baixa dependendo da regi\u00e3o. Assim, ressalta-se a import\u00e2ncia de aten\u00e7\u00e3o especial com as pessoas mais vulner\u00e1veis, como idosos, crian\u00e7as e aquelas em situa\u00e7\u00e3o de rua. Al\u00e9m disso, recomenda-se n\u00e3o fazer aquecimentos improvisados com fogueiras e manter hidrata\u00e7\u00e3o constante.<\/p>\n<p><a href=\"https:\/\/fb.watch\/euvT_KBElo\/\" target=\"_blank\" rel=\"noopener\">https:\/\/fb.watch\/euvT_KBElo\/<\/a><\/p>\n<p>16\/05\/22<\/p>\n","protected":false},"excerpt":{"rendered":"<p>A Defesa Civil do Estado alerta que, entre ter\u00e7a-feira (17) e sexta-feira (20), uma intensa massa de ar polar avan\u00e7ar\u00e1<\/p>\n","protected":false},"author":1,"featured_media":0,"comment_status":"closed","ping_status":"open","sticky":false,"template":"","format":"standard","meta":{"footnotes":""},"categories":[45],"tags":[],"class_list":["post-7099","post","type-post","status-publish","format-standard","hentry","category-comunicado"],"_links":{"self":[{"href":"https:\/\/www.santaritadopassaquatro.sp.gov.br\/portal\/wp-json\/wp\/v2\/posts\/7099","targetHints":{"allow":["GET"]}}],"collection":[{"href":"https:\/\/www.santaritadopassaquatro.sp.gov.br\/portal\/wp-json\/wp\/v2\/posts"}],"about":[{"href":"https:\/\/www.santaritadopassaquatro.sp.gov.br\/portal\/wp-json\/wp\/v2\/types\/post"}],"author":[{"embeddable":true,"href":"https:\/\/www.santaritadopassaquatro.sp.gov.br\/portal\/wp-json\/wp\/v2\/users\/1"}],"replies":[{"embeddable":true,"href":"https:\/\/www.santaritadopassaquatro.sp.gov.br\/portal\/wp-json\/wp\/v2\/comments?post=7099"}],"version-history":[{"count":1,"href":"https:\/\/www.santaritadopassaquatro.sp.gov.br\/portal\/wp-json\/wp\/v2\/posts\/7099\/revisions"}],"predecessor-version":[{"id":7100,"href":"https:\/\/www.santaritadopassaquatro.sp.gov.br\/portal\/wp-json\/wp\/v2\/posts\/7099\/revisions\/7100"}],"wp:attachment":[{"href":"https:\/\/www.santaritadopassaquatro.sp.gov.br\/portal\/wp-json\/wp\/v2\/media?parent=7099"}],"wp:term":[{"taxonomy":"category","embeddable":true,"href":"https:\/\/www.santaritadopassaquatro.sp.gov.br\/portal\/wp-json\/wp\/v2\/categories?post=7099"},{"taxonomy":"post_tag","embeddable":true,"href":"https:\/\/www.santaritadopassaquatro.sp.gov.br\/portal\/wp-json\/wp\/v2\/tags?post=7099"}],"curies":[{"name":"wp","href":"https:\/\/api.w.org\/{rel}","templated":true}]}}