{"id":7101,"date":"2022-05-06T10:26:14","date_gmt":"2022-05-06T13:26:14","guid":{"rendered":"http:\/\/www.santaritadopassaquatro.sp.gov.br\/portal\/?p=7101"},"modified":"2022-07-28T10:27:02","modified_gmt":"2022-07-28T13:27:02","slug":"vice-prefeito-e-gestora-de-cultura-recebem-alunos-do-ensino-medio-para-bate-papo-sobre-administracao-publica-e-cultura","status":"publish","type":"post","link":"https:\/\/www.santaritadopassaquatro.sp.gov.br\/portal\/vice-prefeito-e-gestora-de-cultura-recebem-alunos-do-ensino-medio-para-bate-papo-sobre-administracao-publica-e-cultura\/","title":{"rendered":"VICE-PREFEITO E GESTORA DE CULTURA RECEBEM ALUNOS DO ENSINO M\u00c9DIO PARA BATE PAPO SOBRE ADMINISTRA\u00c7\u00c3O P\u00daBLICA E CULTURA"},"content":{"rendered":"<p>O Professor M\u00e1rcio Reis recebeu nesta sexta-feira (06) a visita dos alunos do primeiro ano do Ensino M\u00e9dio do SESI para responder \u00e0 algumas d\u00favidas e ouvir algumas sugest\u00f5es. O vice-prefeito recebeu os alunos Lu\u00eds Ot\u00e1vio Bentlin, Leonardo Sanches, Bianca Victoriano e Isadora Viotto Bittencourt, na companhia da gestora de cultura Graziella de C\u00e1ssia Villela.<br \/>\nO Professor M\u00e1rcio agradeceu a visita dos alunos e citou a import\u00e2ncia da participa\u00e7\u00e3o dos jovens na administra\u00e7\u00e3o p\u00fablica: \u201c\u00c9 muito importante receber a visita de voc\u00eas, a administra\u00e7\u00e3o p\u00fablica necessita cada dia mais da participa\u00e7\u00e3o direta dos jovens, e t\u00ea-los aqui demonstra curiosidade e sede de sabedoria. Pudemos esclarecer muitas d\u00favidas e ouvimos muitas sugest\u00f5es que, com certeza, incrementar\u00e1 em nosso processo de gest\u00e3o p\u00fablica&#8221;.<br \/>\nDentre os assuntos abordados, cultura foi o tema mais debatido. A gestora de cultura Graziella convidou os alunos para conhecer o departamento de cultura, no Centro Cultural Zito Spadon e pediu mais participa\u00e7\u00e3o dos jovens nos debates culturais: \u201cA cultura em Santa Rita \u00e9 muito ativa, temos diversos eventos todos os meses e \u00e9 muito importante que os jovens tenham uma participa\u00e7\u00e3o mais ativa\u201d.<\/p>\n","protected":false},"excerpt":{"rendered":"<p>O Professor M\u00e1rcio Reis recebeu nesta sexta-feira (06) a visita dos alunos do primeiro ano do Ensino M\u00e9dio do SESI<\/p>\n","protected":false},"author":1,"featured_media":7102,"comment_status":"closed","ping_status":"open","sticky":false,"template":"","format":"standard","meta":{"footnotes":""},"categories":[46],"tags":[],"class_list":["post-7101","post","type-post","status-publish","format-standard","has-post-thumbnail","hentry","category-cultura"],"_links":{"self":[{"href":"https:\/\/www.santaritadopassaquatro.sp.gov.br\/portal\/wp-json\/wp\/v2\/posts\/7101","targetHints":{"allow":["GET"]}}],"collection":[{"href":"https:\/\/www.santaritadopassaquatro.sp.gov.br\/portal\/wp-json\/wp\/v2\/posts"}],"about":[{"href":"https:\/\/www.santaritadopassaquatro.sp.gov.br\/portal\/wp-json\/wp\/v2\/types\/post"}],"author":[{"embeddable":true,"href":"https:\/\/www.santaritadopassaquatro.sp.gov.br\/portal\/wp-json\/wp\/v2\/users\/1"}],"replies":[{"embeddable":true,"href":"https:\/\/www.santaritadopassaquatro.sp.gov.br\/portal\/wp-json\/wp\/v2\/comments?post=7101"}],"version-history":[{"count":1,"href":"https:\/\/www.santaritadopassaquatro.sp.gov.br\/portal\/wp-json\/wp\/v2\/posts\/7101\/revisions"}],"predecessor-version":[{"id":7103,"href":"https:\/\/www.santaritadopassaquatro.sp.gov.br\/portal\/wp-json\/wp\/v2\/posts\/7101\/revisions\/7103"}],"wp:featuredmedia":[{"embeddable":true,"href":"https:\/\/www.santaritadopassaquatro.sp.gov.br\/portal\/wp-json\/wp\/v2\/media\/7102"}],"wp:attachment":[{"href":"https:\/\/www.santaritadopassaquatro.sp.gov.br\/portal\/wp-json\/wp\/v2\/media?parent=7101"}],"wp:term":[{"taxonomy":"category","embeddable":true,"href":"https:\/\/www.santaritadopassaquatro.sp.gov.br\/portal\/wp-json\/wp\/v2\/categories?post=7101"},{"taxonomy":"post_tag","embeddable":true,"href":"https:\/\/www.santaritadopassaquatro.sp.gov.br\/portal\/wp-json\/wp\/v2\/tags?post=7101"}],"curies":[{"name":"wp","href":"https:\/\/api.w.org\/{rel}","templated":true}]}}