{"id":7106,"date":"2022-04-13T10:34:40","date_gmt":"2022-04-13T13:34:40","guid":{"rendered":"http:\/\/www.santaritadopassaquatro.sp.gov.br\/portal\/?p=7106"},"modified":"2022-07-28T10:35:45","modified_gmt":"2022-07-28T13:35:45","slug":"assistencia-social-presta-homenagem-aos-bolsistas-da-frente-de-trabalho","status":"publish","type":"post","link":"https:\/\/www.santaritadopassaquatro.sp.gov.br\/portal\/assistencia-social-presta-homenagem-aos-bolsistas-da-frente-de-trabalho\/","title":{"rendered":"ASSIST\u00caNCIA SOCIAL PRESTA HOMENAGEM AOS BOLSISTAS DA FRENTE DE TRABALHO"},"content":{"rendered":"<p>Nesta quarta-feira (13), o Departamento de Promo\u00e7\u00e3o e Assist\u00eancia Social ofereceu uma homenagem aos bolsistas da Frente de Trabalho pelo trabalho desenvolvido no servi\u00e7o de zeladoria no munic\u00edpio.<br \/>\nO Prefeito Marcelo Sim\u00e3o destacou os elogios que ouve por todo o Estado: &#8220;\u00c9 muito gratificante ouvir por onde quer que eu passe de como nossa cidade \u00e9 limpa e bem cuidada, e isso n\u00f3s temos que agradecer a cada um de voc\u00eas. Gratid\u00e3o por tudo que voc\u00eas fazem para manter nossa cidade cada dia mais limpa&#8221;.<br \/>\nPatricia Jord\u00e3o Mion ressaltou da import\u00e2ncia do desenvolvimento dos bolsistas para que reingressem no mercado de trabalho: &#8220;Cada um de n\u00f3s temos nossas qualidades e dificuldades, mas um complementa o outro. Fico muito feliz em constatar o desenvolvimento de todos e tenham a certeza que estamos do lado de voc\u00eas para o que precisarem. Estamos preparando voc\u00eas para poderem voltar ao mercado de trabalho com qualifica\u00e7\u00e3o&#8221;.<br \/>\nA diretora Patr\u00edcia de C\u00e1ssia Jord\u00e3o Mion, o diretor do DSM, Potriguara de Oliveira Lara, o Coordenador de Servi\u00e7os Adriano Jamel e o Prefeito Marcelo Sim\u00e3o, agradeceram a todos os bolsistas pelo empenho no dia a dia, fazendo nossa Santa Rita cada dia mais limpa e bonita.<\/p>\n<p><a href=\"https:\/\/fb.watch\/euv-up7Foi\/\" target=\"_blank\" rel=\"noopener\">https:\/\/fb.watch\/euv-up7Foi\/<\/a><\/p>\n","protected":false},"excerpt":{"rendered":"<p>Nesta quarta-feira (13), o Departamento de Promo\u00e7\u00e3o e Assist\u00eancia Social ofereceu uma homenagem aos bolsistas da Frente de Trabalho pelo<\/p>\n","protected":false},"author":1,"featured_media":0,"comment_status":"closed","ping_status":"open","sticky":false,"template":"","format":"standard","meta":{"footnotes":""},"categories":[43],"tags":[],"class_list":["post-7106","post","type-post","status-publish","format-standard","hentry","category-assistenciasocial"],"_links":{"self":[{"href":"https:\/\/www.santaritadopassaquatro.sp.gov.br\/portal\/wp-json\/wp\/v2\/posts\/7106","targetHints":{"allow":["GET"]}}],"collection":[{"href":"https:\/\/www.santaritadopassaquatro.sp.gov.br\/portal\/wp-json\/wp\/v2\/posts"}],"about":[{"href":"https:\/\/www.santaritadopassaquatro.sp.gov.br\/portal\/wp-json\/wp\/v2\/types\/post"}],"author":[{"embeddable":true,"href":"https:\/\/www.santaritadopassaquatro.sp.gov.br\/portal\/wp-json\/wp\/v2\/users\/1"}],"replies":[{"embeddable":true,"href":"https:\/\/www.santaritadopassaquatro.sp.gov.br\/portal\/wp-json\/wp\/v2\/comments?post=7106"}],"version-history":[{"count":1,"href":"https:\/\/www.santaritadopassaquatro.sp.gov.br\/portal\/wp-json\/wp\/v2\/posts\/7106\/revisions"}],"predecessor-version":[{"id":7107,"href":"https:\/\/www.santaritadopassaquatro.sp.gov.br\/portal\/wp-json\/wp\/v2\/posts\/7106\/revisions\/7107"}],"wp:attachment":[{"href":"https:\/\/www.santaritadopassaquatro.sp.gov.br\/portal\/wp-json\/wp\/v2\/media?parent=7106"}],"wp:term":[{"taxonomy":"category","embeddable":true,"href":"https:\/\/www.santaritadopassaquatro.sp.gov.br\/portal\/wp-json\/wp\/v2\/categories?post=7106"},{"taxonomy":"post_tag","embeddable":true,"href":"https:\/\/www.santaritadopassaquatro.sp.gov.br\/portal\/wp-json\/wp\/v2\/tags?post=7106"}],"curies":[{"name":"wp","href":"https:\/\/api.w.org\/{rel}","templated":true}]}}