{"id":7114,"date":"2022-03-08T10:39:23","date_gmt":"2022-03-08T13:39:23","guid":{"rendered":"http:\/\/www.santaritadopassaquatro.sp.gov.br\/portal\/?p=7114"},"modified":"2022-07-28T10:44:03","modified_gmt":"2022-07-28T13:44:03","slug":"criacao-do-conselho-municipal-dos-direitos-da-mulher","status":"publish","type":"post","link":"https:\/\/www.santaritadopassaquatro.sp.gov.br\/portal\/criacao-do-conselho-municipal-dos-direitos-da-mulher\/","title":{"rendered":"CRIA\u00c7\u00c3O DO CONSELHO MUNICIPAL DOS DIREITOS DA MULHER"},"content":{"rendered":"<p>No Dia Internacional da Mulher a melhor homenagem que poder\u00edamos proporcionar \u00e9 dando-lhes o poder de decidir, o seu lugar de fala e de direito.<br \/>\nA cria\u00e7\u00e3o do Conselho Municipal dos Direitos da Mulher \u00e9 uma iniciativa que os vereadores Verdun e Renata Barioni nos trouxeram e abra\u00e7amos, pois entendemos ser a forma mais democr\u00e1tica e igualit\u00e1ria de participa\u00e7\u00e3o das mulheres, dividindo o poder deliberativo, consultivo e a responsabilidade pelo monitoramento das pol\u00edticas p\u00fablicas no munic\u00edpio.<\/p>\n<p><a href=\"https:\/\/fb.watch\/euwjhg34jY\/\" target=\"_blank\" rel=\"noopener\">https:\/\/fb.watch\/euwjhg34jY\/<\/a><\/p>\n","protected":false},"excerpt":{"rendered":"<p>No Dia Internacional da Mulher a melhor homenagem que poder\u00edamos proporcionar \u00e9 dando-lhes o poder de decidir, o seu lugar<\/p>\n","protected":false},"author":1,"featured_media":0,"comment_status":"closed","ping_status":"open","sticky":false,"template":"","format":"standard","meta":{"footnotes":""},"categories":[63],"tags":[],"class_list":["post-7114","post","type-post","status-publish","format-standard","hentry","category-servicos-municipais"],"_links":{"self":[{"href":"https:\/\/www.santaritadopassaquatro.sp.gov.br\/portal\/wp-json\/wp\/v2\/posts\/7114","targetHints":{"allow":["GET"]}}],"collection":[{"href":"https:\/\/www.santaritadopassaquatro.sp.gov.br\/portal\/wp-json\/wp\/v2\/posts"}],"about":[{"href":"https:\/\/www.santaritadopassaquatro.sp.gov.br\/portal\/wp-json\/wp\/v2\/types\/post"}],"author":[{"embeddable":true,"href":"https:\/\/www.santaritadopassaquatro.sp.gov.br\/portal\/wp-json\/wp\/v2\/users\/1"}],"replies":[{"embeddable":true,"href":"https:\/\/www.santaritadopassaquatro.sp.gov.br\/portal\/wp-json\/wp\/v2\/comments?post=7114"}],"version-history":[{"count":1,"href":"https:\/\/www.santaritadopassaquatro.sp.gov.br\/portal\/wp-json\/wp\/v2\/posts\/7114\/revisions"}],"predecessor-version":[{"id":7115,"href":"https:\/\/www.santaritadopassaquatro.sp.gov.br\/portal\/wp-json\/wp\/v2\/posts\/7114\/revisions\/7115"}],"wp:attachment":[{"href":"https:\/\/www.santaritadopassaquatro.sp.gov.br\/portal\/wp-json\/wp\/v2\/media?parent=7114"}],"wp:term":[{"taxonomy":"category","embeddable":true,"href":"https:\/\/www.santaritadopassaquatro.sp.gov.br\/portal\/wp-json\/wp\/v2\/categories?post=7114"},{"taxonomy":"post_tag","embeddable":true,"href":"https:\/\/www.santaritadopassaquatro.sp.gov.br\/portal\/wp-json\/wp\/v2\/tags?post=7114"}],"curies":[{"name":"wp","href":"https:\/\/api.w.org\/{rel}","templated":true}]}}