{"id":7116,"date":"2022-02-03T10:47:13","date_gmt":"2022-02-03T13:47:13","guid":{"rendered":"http:\/\/www.santaritadopassaquatro.sp.gov.br\/portal\/?p=7116"},"modified":"2022-07-28T10:48:15","modified_gmt":"2022-07-28T13:48:15","slug":"diretores-da-prefeitura-participam-de-encontro-de-liderancas-do-sebrae-em-sao-carlos","status":"publish","type":"post","link":"https:\/\/www.santaritadopassaquatro.sp.gov.br\/portal\/diretores-da-prefeitura-participam-de-encontro-de-liderancas-do-sebrae-em-sao-carlos\/","title":{"rendered":"DIRETORES DA PREFEITURA PARTICIPAM DE ENCONTRO DE LIDERAN\u00c7AS DO SEBRAE EM S\u00c3O CARLOS"},"content":{"rendered":"<p>Nesta quinta-feira, 03, o Chefe de gabinete Luciano D&#8217;\u00e1vila, a Diretora da Educa\u00e7\u00e3o Luciana Fr\u00f6ner, Patr\u00edcia Jord\u00e3o Mion &#8211; Diretora de Assist\u00eancia Social e Maura Arioli, Assessora de Gabinete, participaram do Caf\u00e9 Estrat\u00e9gico, oferecido pelo SEBRAE, em S\u00e3o Carlos, com o encontro de Lideran\u00e7as de prefeituras da regi\u00e3o. O SEBRAE esteve representado pela Michele Sabino e a Funda\u00e7\u00e3o Get\u00falio Vargas pelo Cassiano de Aquino.<br \/>\nO objetivo do Encontro \u00e9 apresentar como o Gestor p\u00fablico pode desenvolver seu papel de agente de desenvolvimento social e econ\u00f4mico local, e a atua\u00e7\u00e3o dos gestores para atua\u00e7\u00e3o em Pol\u00edticas P\u00fablicas, Educa\u00e7\u00e3o Empreendedora, Iniciativa Produtiva e Rela\u00e7\u00f5es Sociais.<\/p>\n","protected":false},"excerpt":{"rendered":"<p>Nesta quinta-feira, 03, o Chefe de gabinete Luciano D&#8217;\u00e1vila, a Diretora da Educa\u00e7\u00e3o Luciana Fr\u00f6ner, Patr\u00edcia Jord\u00e3o Mion &#8211; Diretora<\/p>\n","protected":false},"author":1,"featured_media":7117,"comment_status":"closed","ping_status":"open","sticky":false,"template":"","format":"standard","meta":{"footnotes":""},"categories":[62],"tags":[],"class_list":["post-7116","post","type-post","status-publish","format-standard","has-post-thumbnail","hentry","category-fundo-social"],"_links":{"self":[{"href":"https:\/\/www.santaritadopassaquatro.sp.gov.br\/portal\/wp-json\/wp\/v2\/posts\/7116","targetHints":{"allow":["GET"]}}],"collection":[{"href":"https:\/\/www.santaritadopassaquatro.sp.gov.br\/portal\/wp-json\/wp\/v2\/posts"}],"about":[{"href":"https:\/\/www.santaritadopassaquatro.sp.gov.br\/portal\/wp-json\/wp\/v2\/types\/post"}],"author":[{"embeddable":true,"href":"https:\/\/www.santaritadopassaquatro.sp.gov.br\/portal\/wp-json\/wp\/v2\/users\/1"}],"replies":[{"embeddable":true,"href":"https:\/\/www.santaritadopassaquatro.sp.gov.br\/portal\/wp-json\/wp\/v2\/comments?post=7116"}],"version-history":[{"count":1,"href":"https:\/\/www.santaritadopassaquatro.sp.gov.br\/portal\/wp-json\/wp\/v2\/posts\/7116\/revisions"}],"predecessor-version":[{"id":7118,"href":"https:\/\/www.santaritadopassaquatro.sp.gov.br\/portal\/wp-json\/wp\/v2\/posts\/7116\/revisions\/7118"}],"wp:featuredmedia":[{"embeddable":true,"href":"https:\/\/www.santaritadopassaquatro.sp.gov.br\/portal\/wp-json\/wp\/v2\/media\/7117"}],"wp:attachment":[{"href":"https:\/\/www.santaritadopassaquatro.sp.gov.br\/portal\/wp-json\/wp\/v2\/media?parent=7116"}],"wp:term":[{"taxonomy":"category","embeddable":true,"href":"https:\/\/www.santaritadopassaquatro.sp.gov.br\/portal\/wp-json\/wp\/v2\/categories?post=7116"},{"taxonomy":"post_tag","embeddable":true,"href":"https:\/\/www.santaritadopassaquatro.sp.gov.br\/portal\/wp-json\/wp\/v2\/tags?post=7116"}],"curies":[{"name":"wp","href":"https:\/\/api.w.org\/{rel}","templated":true}]}}